{"id":2143,"date":"2025-11-04T14:25:35","date_gmt":"2025-11-04T13:25:35","guid":{"rendered":"https:\/\/designgymnasiet.se\/sickla\/?post_type=article&#038;p=2143"},"modified":"2026-01-29T16:25:46","modified_gmt":"2026-01-29T15:25:46","slug":"young-designers-competition-2026","status":"publish","type":"article","link":"https:\/\/designgymnasiet.se\/sickla\/artikel\/young-designers-competition-2026\/","title":{"rendered":"Young Designers Competition 2026"},"content":{"rendered":"\n\t\n\t\n\t\n\t\n\t\n\n<section \n\tclass=\"ams-hero ams-hero--classic ams-hero--default c-block l-stacked  \"\n\tdata-color-scheme=\"\"\n\tstyle=\"\">\n\t<div class=\"ams-hero__container u-items-center u-justify-center\">\n\t\t<div\n\t\t\tclass=\"ams-hero__content l-stack l-stack-xl is-left is-center@md\" >\n\t\t\t<div class=\"l-stack l-stack-lg\">\n\t\t\t\t\t\n\t<h1\n\tclass=\"c-heading u-font-title-1 \"\n\tstyle=\"\">\n\t\t\n\t\t\t\t\tYoung Designers Competition 2026\n\t\t\t\t\n\t<\/h1>\n\n\t\t\t\t\t\t\t<\/div>\n\n\t\t\t\t\t<\/div>\n\t<\/div>\n\n\t\n\t\t\t\n\t\t\t\t\t\t\t\n\t\t\t\t<div class=\"c-bg c-bg--img\" data-settings=\"{&quot;desktop_settings&quot;:{&quot;size&quot;:&quot;cover&quot;,&quot;position&quot;:&quot;middle-center&quot;},&quot;mobile_settings&quot;:{&quot;size&quot;:&quot;cover&quot;,&quot;position&quot;:&quot;middle-center&quot;}}\" data-position=\"middle-center\" data-size=\"cover\">\n\t\t\t<img decoding=\"async\" width=\"707\" height=\"562\" src=\"https:\/\/designgymnasiet.se\/wp-content\/uploads\/sites\/11\/2023\/10\/textildesign-pa-oppet-hus-e1697016006188.jpg\" class=\"attachment-hero-lg size-hero-lg\" alt=\"N\u00e5gon bl\u00e4ddrar i folders med skissade modeprojekt.\" sizes=\"(max-width: 707px) 100vw, 707px\" srcset=\"https:\/\/designgymnasiet.se\/wp-content\/uploads\/sites\/11\/2023\/10\/textildesign-pa-oppet-hus-e1697016006188.jpg 707w, https:\/\/designgymnasiet.se\/wp-content\/uploads\/sites\/11\/2023\/10\/textildesign-pa-oppet-hus-e1697016006188-300x238.jpg 300w, https:\/\/designgymnasiet.se\/wp-content\/uploads\/sites\/11\/2023\/10\/textildesign-pa-oppet-hus-e1697016006188-400x318.jpg 400w, https:\/\/designgymnasiet.se\/wp-content\/uploads\/sites\/11\/2023\/10\/textildesign-pa-oppet-hus-e1697016006188-600x477.jpg 600w\" \/>\n\t\t<\/div>\n\t\n<\/section>\n\n\n\n<div style=\"height:65px\" aria-hidden=\"true\" class=\"wp-block-spacer\"><\/div>\n\n\n\n<p><strong>Designgymnasiet Sickla h\u00e5ller i Young Designers Competition 2026! Young Designers Competition \u00e4r en t\u00e4vling f\u00f6r gymnasieelever som studerar textil &#8211; t\u00e4nk dig SM i Textildesign!<\/strong><\/p>\n\n\n\n<p>Det n\u00e4rmar sig 2026 \u00e5rs t\u00e4vling f\u00f6r unga designers. En av de st\u00f6rsta t\u00e4vlingarna i Sverige f\u00f6r unga textildesigners och alla gymnasieskolor som erbjuder estetiska och textila program bjuds in. Den skola som tar hem vinsten f\u00e5r arrangera t\u00e4vlingen kommande \u00e5r och i och med att Designgymnasiet Sickla stod som vinnare 2025 \u00e4r det nu v\u00e5r tur att h\u00e5lla \u00e5rets upplaga. <\/p>\n\n\n\n<p>Varje skola f\u00e5r delta med ett elevpar. De t\u00e4vlande f\u00e5r p\u00e5 plats veta ett tema de ska arbeta utefter. De g\u00f6r sedan en skiss med skriftlig motivering om hur deras design h\u00e4nger ihop med inspirationen och skapar textil p\u00e5 en provdocka. Arbeten bed\u00f6ms av en extern jury \u2013 som bland andra best\u00e5r av <strong>Ida Sj\u00f6stedt<\/strong> och <strong>Josef Lazo<\/strong>! Juryn bed\u00f6mer: Koppling till temat, motivering, estetiskt genomf\u00f6rande, handlag och originalitet.<\/p>\n\n\n\n<div style=\"height:48px\" aria-hidden=\"true\" class=\"wp-block-spacer\"><\/div>\n\n\n\n\n<section  class=\"ams-cta ams-cta--stacked c-block l-stacked\" data-color-scheme=\"burgundy\">\n\t<div class=\"l-container-full l-stack l-stack-fluid-2xl u-pt-fluid-md-xl u-pb-fluid-md-xl is-center is-center@md\">\n\t\t\t\t\t<div class=\"ams-cta__intro l-stack l-stack-lg\">\n\t\t\t\t\t\n\t<h2\n\tclass=\"c-heading u-font-title-1 \"\n\tstyle=\"\">\n\t\t\n\t\t\t\t\t\t\t\t\t5 februari <span class=\"highlight\">2026<\/span>\n\t\t\t\t<span class=\"c-heading__sub is-below u-font-title-3\">\n\t\t\t\t\t10:00-15:30\n\t\t\t\t<\/span>\n\t\t\t\t\t\t\t\n\t<\/h2>\n\n\t\t\t\t\t\t\t<\/div>\n\t\t\n\t\t\n\t\t\t<\/div>\n\n\t\t\n\n<\/section>\n\n\n\n<div style=\"height:48px\" aria-hidden=\"true\" class=\"wp-block-spacer\"><\/div>\n\n\n\n\t\n\t\n<section  class=\"ams-map ams-map--fifty c-block  media-bottom media-right \" data-color-scheme=\"\" data-locations=\"[{&quot;id&quot;:&quot;1740&quot;,&quot;county&quot;:&quot;Stockholms l\\u00e4n&quot;,&quot;city&quot;:&quot;Nacka &quot;,&quot;school&quot;:&quot;Sickla&quot;,&quot;title&quot;:&quot;Designgymnasiet Sickla&quot;,&quot;phone&quot;:&quot;0855366350&quot;,&quot;phone_formatted&quot;:&quot;08-55366350&quot;,&quot;email&quot;:&quot;sickla@designgymnasiet.se&quot;,&quot;visiting_address&quot;:{&quot;address&quot;:&quot;Experimentgatan 6&quot;,&quot;zip_code&quot;:&quot;131 54&quot;,&quot;city&quot;:&quot;Nacka&quot;},&quot;postal_address&quot;:{&quot;address&quot;:&quot;Experimentgatan 7&quot;,&quot;zip_code&quot;:&quot;131 54 &quot;,&quot;city&quot;:&quot;Nacka &quot;},&quot;address_map&quot;:&quot;Experimentgatan 6, Nacka, Sverige&quot;,&quot;lat&quot;:59.3039243,&quot;lng&quot;:18.1214943,&quot;link&quot;:{&quot;url&quot;:&quot;https:\\\/\\\/designgymnasiet.se\\\/sickla\\\/&quot;,&quot;text&quot;:&quot;Till Designgymnasiet Sickla&quot;}}]\">\n\t<div class=\"ams-map__content u-pt-fluid-3xl-6xl u-pb-fluid-3xl-6xl l-stack l-stack-fluid-xl is-left is-left@lg\">\n\t\t\t\n\t<h2\n\tclass=\"c-heading u-font-title-1 \"\n\tstyle=\"\">\n\t\t\n\t\t\t\t\t\t\t\t\tH\u00e4r finns vi\n\t\t\t\t<span class=\"c-heading__sub is-below u-font-title-3\">\n\t\t\t\t\tT\u00e4vlingen \u00e4ger rum p\u00e5 Designgymnasiet <span class=\"highlight\">Sickla<\/span>\n\t\t\t\t<\/span>\n\t\t\t\t\t\t\t\n\t<\/h2>\n\n\t\t\t\t\t<div class=\"c-text l-stack u-cs-xl u-font-body\">\n\t\t\t\t<p style=\"text-align: left;\"><span style=\"font-weight: 400;\"><strong>Ta dig hit med bil:<br \/>\n<\/strong><\/span><span style=\"font-weight: 400;\">Skriv in \u201cDesigngymnasiet Sickla\u201d p\u00e5 din GPS.<\/span><\/p>\n<p style=\"text-align: left;\"><span style=\"font-weight: 400;\"><strong>Ta dig hit kommunalt:<br \/>\n<\/strong><\/span><\/p>\n<ul style=\"text-align: left;\">\n<li><span style=\"font-weight: 400;\">Buss 401 mot \u00c4lta eller Sickla Strand, avg\u00e5r fr\u00e5n Slussen. H\u00e5llplats l\u00e4ge \u201dF\u201d. Stationen heter Sickla All\u00e9. Observera att det \u00e4r en promenad p\u00e5 ca 7-8min fr\u00e5n tunnelbana Slussen till Busstorget. Resan tar knappt 8min.<\/span><\/li>\n<li><span style=\"font-weight: 400;\">Tv\u00e4rbanan fr\u00e5n Gullmarsplan: Mot Sickla, avstigning vid slutstation Sickla och ca 6min promenad. P\u00e5 SL.se eller appen SL kan ni se uppdaterad trafikinfo p\u00e5 t\u00e4vlingsdagen.<\/span><\/li>\n<\/ul>\n<p style=\"text-align: left;\"><em><span style=\"font-weight: 400;\">Undervisande textil- och estetiska l\u00e4rare \u00e4r v\u00e4lkomna d\u00e5 vi passar p\u00e5 att diskutera fr\u00e5gor som r\u00f6r v\u00e5ra utbildningar. I \u00e5r bjuds dock inte klasskamrater in p\u00e5 grund av platsbrist.<\/span><\/em><\/p>\n\n\t\t\t<\/div>\n\t\t\n\t\t\t<\/div>\n\n\t<div class=\"ams-map__media\">\n\t<\/div>\n<\/section>\n\n\n\n<div style=\"height:49px\" aria-hidden=\"true\" class=\"wp-block-spacer\"><\/div>\n\n\n\n\n<section  class=\"ams-cta ams-cta--stacked c-block l-stacked\" data-color-scheme=\"burgundy\">\n\t<div class=\"l-container-full l-stack l-stack-fluid-2xl u-pt-fluid-md-xl u-pb-fluid-md-xl is-center is-center@md\">\n\t\t\t\t\t<div class=\"ams-cta__intro l-stack l-stack-lg\">\n\t\t\t\t\t\n\t<h2\n\tclass=\"c-heading u-font-title-1 \"\n\tstyle=\"\">\n\t\t\n\t\t\t\t\tANM\u00c4L DIG <span class=\"highlight\">H\u00c4R<\/span>\n\t\t\t\t\n\t<\/h2>\n\n\t\t\t\t\t\t\t<\/div>\n\t\t\n\t\t\n\t\t\t<\/div>\n\n\t\t\n\n<\/section>\n\n\n\n<div style=\"height:49px\" aria-hidden=\"true\" class=\"wp-block-spacer\"><\/div>\n\n\n\n<p>F\u00f6r att anm\u00e4la dig till YDC 2026 &#8211; maila infon nedan till: <a href=\"mailto:sickla@designgymnasiet.se\">sickla@designgymnasiet.se<\/a><\/p>\n\n\n\n<ul>\n<li>Skola<\/li>\n\n\n\n<li>Namn p\u00e5 l\u00e4rare<\/li>\n\n\n\n<li>Deltagare 1<\/li>\n\n\n\n<li>Deltagare 2<\/li>\n\n\n\n<li>Specialkost<\/li>\n<\/ul>\n\n\n\n<section \n\t\t class=\"\n\t\t ams-contact\n\t\t \n\t\t c-block l-stacked\n\t\t \n\t\t \n\t\t js-load-more\n\t\t \"\n\t\t data-color-scheme=\"gray\"\n\t\t\t\t\tdata-count=\"3\"\n\t\t\t\t\t\t\tdata-count-mobile=\"2\"\n\t\t\t\t>\n\t<div\n\t\t class=\"\n\t\t l-container\n\t\t l-stack l-stack-fluid-2xl\n\t\t u-pt-fluid-3xl-6xl\n\t\t u-pb-fluid-3xl-6xl\n\t\t is-center\n\t\t is-center@md\n\t\t \">\n\t\t\t\t\t<div class=\"ams-contact__intro l-stack l-stack-lg\">\n\t\t\t\t\t\n\t<h2\n\tclass=\"c-heading u-font-title-1 \"\n\tstyle=\"\">\n\t\t\n\t\t\t\t\tHar du fr\u00e5gor?\n\t\t\t\t\n\t<\/h2>\n\n\t\t\t\t\t\t\t\t\t<div class=\"c-text l-stack u-cs-xl u-font-body\">\n\t\t\t\t\t\t<p>Tveka inte p\u00e5 att kontakta mig om du har fr\u00e5gor eller funderingar om Young Designers Competition 2026.<\/p>\n\n\t\t\t\t\t<\/div>\n\t\t\t\t\t\t\t<\/div>\n\t\t\n\t\t\n\t\t    \t\n\t\t\n\t\t<ul\n\t\t\tid=\"contact-grid-69f45eeac225a\"\n\t\t\tclass=\"ams-contact__list l-grid u-gap-fluid-2xl-4xl u-justify-center js-results \"\n\t\t\taria-label=\"Kontakter\"\n\t\t\tdata-filter-animation=\"off\"\n\t\t\t>\n\t\t\t\t\t\t\t\t\t\t\t\n\t\t\t\t\n\t\t\t\t<li class=\"l-col-12 \" data-filter=\"larare\">\n\t\t\t\t\t<article class=\"c-card u-justify-center\" data-variant=\"inline\">\n\t\t\t\t\t\t<div class=\"c-card__content u-flex-basis-auto u-flex-grow-0 u-text-center@mobile\">\n\t\t\t\t\t\t\t\t\t\t\t\t\t\t\t<h3 class=\"c-card__title u-font-title-3\">\n\t\t\t\t\t\t\t\t\tFreja Nystr\u00f6m\n\t\t\t\t\t\t\t\t<\/h3>\n\t\t\t\t\t\t\t\n\t\t\t\t\t\t\t\t\t\t\t\t\t\t\t<p class=\"position u-font-body\">L\u00e4rare i hantverk, textil, f\u00e4rg &amp; form \u2013 Mentor H24<\/p>\n\t\t\t\t\t\t\t\n\t\t\t\t\t\t\t\t\t\t\t\t\t\t\t<div class=\"contact-info u-font-body\">\n\t\t\t\t\t\t\t\t\t\n\t\t\t\t\t\t\t\t\t\t\t\t\t\t\t\t\t\t\t\t\t\t\t\t\t\t\t\t\t\t<p class=\"email\"><a\n\t\t\t\t\t\t\t\t\t\t\t\t\thref=\"ma&#105;l&#116;&#111;:&#102;&#114;&#101;j&#097;&#046;ny&#115;&#116;ro&#109;&#064;&#100;&#101;&#115;&#105;&#103;ngy&#109;nasi&#101;t&#046;s&#101;\"\n\t\t\t\t\t\t\t\t\t\t\t\t\tclass=\"u-text-link\">&#102;&#114;eja&#046;n&#121;s&#116;rom&#064;&#100;e&#115;&#105;g&#110;&#103;&#121;&#109;&#110;&#097;&#115;i&#101;t.se<\/a>\n\t\t\t\t\t\t\t\t\t\t\t<\/p>\n\t\t\t\t\t\t\t\t\t\t\t\t\t\t\t\t\t\t\t\t\t\t\t\t\t\t\t<\/div>\n\t\t\t\t\t\t\t\n\t\t\t\t\t\t\t\t\t\t\t\t\t<\/div>\n\t\t\t\t\t\t<div class=\"c-card__media\">\n\t\t\t\t\t\t\t\t\t\t\t\t\t\t\t\t\t\t\t\t\t\t\t\t\t\t\t\t\t\t\t\t\t\t\t\t\t\t\t\t\t\t\t\t\t\t\t\t\t<img decoding=\"async\" width=\"400\" height=\"400\" src=\"https:\/\/designgymnasiet.se\/wp-content\/uploads\/sites\/11\/2023\/09\/freja-nystrom-400x400.jpeg\" class=\"u-radius-square u-ratio-square  \" alt=\"Personalbild Freja Nystr\u00f6m.\" sizes=\"(max-width: 300px) 100vw, 300px\" srcset=\"https:\/\/designgymnasiet.se\/wp-content\/uploads\/sites\/11\/2023\/09\/freja-nystrom-400x400.jpeg 400w, https:\/\/designgymnasiet.se\/wp-content\/uploads\/sites\/11\/2023\/09\/freja-nystrom-150x150.jpeg 150w, https:\/\/designgymnasiet.se\/wp-content\/uploads\/sites\/11\/2023\/09\/freja-nystrom-300x300.jpeg 300w, https:\/\/designgymnasiet.se\/wp-content\/uploads\/sites\/11\/2023\/09\/freja-nystrom.jpeg 500w\" \/>\n\t\t\t\t\t\t<\/div>\n\t\t\t\t\t<\/article>\n\t\t\t\t<\/li>\n\t\t\t\t\t<\/ul>\n\n\t\t\n\t\t\n\t\t\t<\/div>\n\n\t\t\n\n<\/section>\n","protected":false},"template":"","article_category":[6],"yoast_head":"<!-- This site is optimized with the Yoast SEO plugin v22.0 - https:\/\/yoast.com\/wordpress\/plugins\/seo\/ -->\n<title>Sickla<\/title>\n<meta name=\"description\" content=\"Designgymnasiet Sickla arrangerar Young Designers Competition 2026 \u2013 en nationell t\u00e4vling f\u00f6r gymnasieelever inom textil och design.\" \/>\n<meta name=\"robots\" content=\"index, follow, max-snippet:-1, max-image-preview:large, max-video-preview:-1\" \/>\n<link rel=\"canonical\" href=\"https:\/\/designgymnasiet.se\/sickla\/artikel\/young-designers-competition-2026\/\" \/>\n<meta property=\"og:locale\" content=\"sv_SE\" \/>\n<meta property=\"og:type\" content=\"article\" \/>\n<meta property=\"og:description\" content=\"Designgymnasiet Sickla arrangerar Young Designers Competition 2026 \u2013 en nationell t\u00e4vling f\u00f6r gymnasieelever inom textil och design.\" \/>\n<meta property=\"og:url\" content=\"https:\/\/designgymnasiet.se\/sickla\/artikel\/young-designers-competition-2026\/\" \/>\n<meta property=\"og:site_name\" content=\"Sickla\" \/>\n<meta property=\"article:modified_time\" content=\"2026-01-29T15:25:46+00:00\" \/>\n<meta name=\"twitter:card\" content=\"summary_large_image\" \/>\n<meta name=\"twitter:description\" content=\"Designgymnasiet Sickla arrangerar Young Designers Competition 2026 \u2013 en nationell t\u00e4vling f\u00f6r gymnasieelever inom textil och design.\" \/>\n<meta name=\"twitter:label1\" content=\"Ber\u00e4knad l\u00e4stid\" \/>\n\t<meta name=\"twitter:data1\" content=\"3 minuter\" \/>\n<script type=\"application\/ld+json\" class=\"yoast-schema-graph\">{\"@context\":\"https:\/\/schema.org\",\"@graph\":[{\"@type\":\"WebPage\",\"@id\":\"https:\/\/designgymnasiet.se\/sickla\/artikel\/young-designers-competition-2026\/\",\"url\":\"https:\/\/designgymnasiet.se\/sickla\/artikel\/young-designers-competition-2026\/\",\"name\":\"Young Designers Competition 2026 - Sickla\",\"isPartOf\":{\"@id\":\"https:\/\/designgymnasiet.se\/sickla\/#website\"},\"datePublished\":\"2025-11-04T13:25:35+00:00\",\"dateModified\":\"2026-01-29T15:25:46+00:00\",\"description\":\"Designgymnasiet Sickla arrangerar Young Designers Competition 2026 \u2013 en nationell t\u00e4vling f\u00f6r gymnasieelever inom textil och design.\",\"breadcrumb\":{\"@id\":\"https:\/\/designgymnasiet.se\/sickla\/artikel\/young-designers-competition-2026\/#breadcrumb\"},\"inLanguage\":\"sv-SE\",\"potentialAction\":[{\"@type\":\"ReadAction\",\"target\":[\"https:\/\/designgymnasiet.se\/sickla\/artikel\/young-designers-competition-2026\/\"]}]},{\"@type\":\"BreadcrumbList\",\"@id\":\"https:\/\/designgymnasiet.se\/sickla\/artikel\/young-designers-competition-2026\/#breadcrumb\",\"itemListElement\":[{\"@type\":\"ListItem\",\"position\":1,\"name\":\"Start\",\"item\":\"https:\/\/designgymnasiet.se\/sickla\"},{\"@type\":\"ListItem\",\"position\":2,\"name\":\"Nyheter\"}]},{\"@type\":\"WebSite\",\"@id\":\"https:\/\/designgymnasiet.se\/sickla\/#website\",\"url\":\"https:\/\/designgymnasiet.se\/sickla\/\",\"name\":\"Sickla\",\"description\":\"Har du designdr\u00f6mmar?\",\"potentialAction\":[{\"@type\":\"SearchAction\",\"target\":{\"@type\":\"EntryPoint\",\"urlTemplate\":\"https:\/\/designgymnasiet.se\/sickla\/?s={search_term_string}\"},\"query-input\":\"required name=search_term_string\"}],\"inLanguage\":\"sv-SE\"}]}<\/script>\n<!-- \/ Yoast SEO plugin. -->","yoast_head_json":{"title":"Sickla","description":"Designgymnasiet Sickla arrangerar Young Designers Competition 2026 \u2013 en nationell t\u00e4vling f\u00f6r gymnasieelever inom textil och design.","robots":{"index":"index","follow":"follow","max-snippet":"max-snippet:-1","max-image-preview":"max-image-preview:large","max-video-preview":"max-video-preview:-1"},"canonical":"https:\/\/designgymnasiet.se\/sickla\/artikel\/young-designers-competition-2026\/","og_locale":"sv_SE","og_type":"article","og_description":"Designgymnasiet Sickla arrangerar Young Designers Competition 2026 \u2013 en nationell t\u00e4vling f\u00f6r gymnasieelever inom textil och design.","og_url":"https:\/\/designgymnasiet.se\/sickla\/artikel\/young-designers-competition-2026\/","og_site_name":"Sickla","article_modified_time":"2026-01-29T15:25:46+00:00","twitter_card":"summary_large_image","twitter_description":"Designgymnasiet Sickla arrangerar Young Designers Competition 2026 \u2013 en nationell t\u00e4vling f\u00f6r gymnasieelever inom textil och design.","twitter_misc":{"Ber\u00e4knad l\u00e4stid":"3 minuter"},"schema":{"@context":"https:\/\/schema.org","@graph":[{"@type":"WebPage","@id":"https:\/\/designgymnasiet.se\/sickla\/artikel\/young-designers-competition-2026\/","url":"https:\/\/designgymnasiet.se\/sickla\/artikel\/young-designers-competition-2026\/","name":"Young Designers Competition 2026 - Sickla","isPartOf":{"@id":"https:\/\/designgymnasiet.se\/sickla\/#website"},"datePublished":"2025-11-04T13:25:35+00:00","dateModified":"2026-01-29T15:25:46+00:00","description":"Designgymnasiet Sickla arrangerar Young Designers Competition 2026 \u2013 en nationell t\u00e4vling f\u00f6r gymnasieelever inom textil och design.","breadcrumb":{"@id":"https:\/\/designgymnasiet.se\/sickla\/artikel\/young-designers-competition-2026\/#breadcrumb"},"inLanguage":"sv-SE","potentialAction":[{"@type":"ReadAction","target":["https:\/\/designgymnasiet.se\/sickla\/artikel\/young-designers-competition-2026\/"]}]},{"@type":"BreadcrumbList","@id":"https:\/\/designgymnasiet.se\/sickla\/artikel\/young-designers-competition-2026\/#breadcrumb","itemListElement":[{"@type":"ListItem","position":1,"name":"Start","item":"https:\/\/designgymnasiet.se\/sickla"},{"@type":"ListItem","position":2,"name":"Nyheter"}]},{"@type":"WebSite","@id":"https:\/\/designgymnasiet.se\/sickla\/#website","url":"https:\/\/designgymnasiet.se\/sickla\/","name":"Sickla","description":"Har du designdr\u00f6mmar?","potentialAction":[{"@type":"SearchAction","target":{"@type":"EntryPoint","urlTemplate":"https:\/\/designgymnasiet.se\/sickla\/?s={search_term_string}"},"query-input":"required name=search_term_string"}],"inLanguage":"sv-SE"}]}},"_links":{"self":[{"href":"https:\/\/designgymnasiet.se\/sickla\/wp-json\/wp\/v2\/article\/2143"}],"collection":[{"href":"https:\/\/designgymnasiet.se\/sickla\/wp-json\/wp\/v2\/article"}],"about":[{"href":"https:\/\/designgymnasiet.se\/sickla\/wp-json\/wp\/v2\/types\/article"}],"wp:attachment":[{"href":"https:\/\/designgymnasiet.se\/sickla\/wp-json\/wp\/v2\/media?parent=2143"}],"wp:term":[{"taxonomy":"article_category","embeddable":true,"href":"https:\/\/designgymnasiet.se\/sickla\/wp-json\/wp\/v2\/article_category?post=2143"}],"curies":[{"name":"wp","href":"https:\/\/api.w.org\/{rel}","templated":true}]}}