{"id":1660,"date":"2023-10-11T09:15:54","date_gmt":"2023-10-11T07:15:54","guid":{"rendered":"https:\/\/designgymnasiet.se\/kungsholmen\/?post_type=article&#038;p=1660"},"modified":"2024-02-28T16:03:25","modified_gmt":"2024-02-28T15:03:25","slug":"en-liten-skola-med-mojligheter-for-kreativa-elever","status":"publish","type":"article","link":"https:\/\/designgymnasiet.se\/kungsholmen\/artikel\/en-liten-skola-med-mojligheter-for-kreativa-elever\/","title":{"rendered":"\u201dEn liten skola med stora m\u00f6jligheter f\u00f6r kreativa elever\u201d"},"content":{"rendered":"\n<div class=\"wp-block-columns is-layout-flex wp-container-core-columns-layout-1 wp-block-columns-is-layout-flex\">\n<div class=\"wp-block-column is-layout-flow wp-block-column-is-layout-flow\" style=\"flex-basis:5%\"><\/div>\n\n\n\n<div class=\"wp-block-column is-layout-flow wp-block-column-is-layout-flow\" style=\"flex-basis:90%\">\t<div\n\t\t class=\"module_wrapper container-fluid images-module\" >\n\t\t<div class=\"row\">\n\t\t\t<div\n\t\t\t\t\tclass=\"col-12 m-0 p-0 position-relative images_module__slideshow images_module__slideshow-container module-expand \">\n\n\t\t\t\t<div class=\"images_module__slide \" data-slide=\"\"\n\t\t\t\t\t data-duration=\"\"><\/div>\n\t\t\t\t\t\t\t\t\t<div\n\t\t\t\t\t\t class=\"images_module__slides \">\n\n\n\t\t\t\t\t\t<div class=\"images__wrapper\"\n\t\t\t\t\t\t\t style=\"aspect-ratio: 1200 \/ 531;\">\n\t\t\t\t\t\t\t<img decoding=\"async\" width=\"2560\" height=\"1707\" src=\"https:\/\/designgymnasiet.se\/wp-content\/uploads\/sites\/9\/2023\/10\/designgymnasiet-kungsholmen.jpeg\" class=\"images__image_ratio  \" alt=\"Elever arbetar med ett stort 3D-projekt gjort av metalltr\u00e5dar.\" style=\"aspect-ratio: 1200 \/ 531;object-position: center center;\" srcset=\"https:\/\/designgymnasiet.se\/wp-content\/uploads\/sites\/9\/2023\/10\/designgymnasiet-kungsholmen.jpeg 2560w, https:\/\/designgymnasiet.se\/wp-content\/uploads\/sites\/9\/2023\/10\/designgymnasiet-kungsholmen-300x200.jpeg 300w, https:\/\/designgymnasiet.se\/wp-content\/uploads\/sites\/9\/2023\/10\/designgymnasiet-kungsholmen-400x267.jpeg 400w, https:\/\/designgymnasiet.se\/wp-content\/uploads\/sites\/9\/2023\/10\/designgymnasiet-kungsholmen-600x400.jpeg 600w, https:\/\/designgymnasiet.se\/wp-content\/uploads\/sites\/9\/2023\/10\/designgymnasiet-kungsholmen-800x533.jpeg 800w, https:\/\/designgymnasiet.se\/wp-content\/uploads\/sites\/9\/2023\/10\/designgymnasiet-kungsholmen-1024x683.jpeg 1024w, https:\/\/designgymnasiet.se\/wp-content\/uploads\/sites\/9\/2023\/10\/designgymnasiet-kungsholmen-1200x800.jpeg 1200w\" sizes=\"(max-width: 2560px) 100vw, 2560px\" \/>\t\t\t\t\t\t<\/div>\n\n\t\t\t\t\t\t\n\t\t\t\t\t\t\t\t\t\t\t<\/div>\n\t\t\t\t\n\t\t\t\t<div class=\"images_module__container_dot \">\n\t\t\t\t\t<div style=\"text-align:center\">\n\t\t\t\t\t\t\t\t\t\t\t\t\t<span   data-i=\"0\"\n\t\t\t\t\t\t\t\t  class=\"images_module__dot\n\t\t\t\t\t\t\t\t\t\t\t\t\t  \"><\/span>\n\t\t\t\t\t\t\t\t\t\t\t<\/div>\n\t\t\t\t<\/div>\n\n\t\t\t<\/div>\n\t\t<\/div>\n\t<\/div>\n\n\n\t\n\n\n<script>\n\tvar images_display_descriptive_text = \"\";\n<\/script>\n<\/div>\n\n\n\n<div class=\"wp-block-column is-layout-flow wp-block-column-is-layout-flow\" style=\"flex-basis:5%\"><\/div>\n<\/div>\n\n\n\n<div class=\"wp-block-columns is-layout-flex wp-container-core-columns-layout-2 wp-block-columns-is-layout-flex\">\n<div class=\"wp-block-column is-layout-flow wp-block-column-is-layout-flow\" style=\"flex-basis:15%\"><\/div>\n\n\n\n<div class=\"wp-block-column is-layout-flow wp-block-column-is-layout-flow\" style=\"flex-basis:70%\">\n<h1 class=\"wp-block-heading\">\u201dEn liten skola med stora m\u00f6jligheter f\u00f6r kreativa elever\u201d \u2013 Iraklis, l\u00e4rare<\/h1>\n\n\n\n<p   class=\"site__ingress container text-left  site__text-color--dark  site__free_text--ingress p-0\">\n\tIraklis Papaeracleous \u00e4r arkitekt och arbetar som l\u00e4rare i Produktdesign p\u00e5 Designgymnasiet Kungsholmen.<\/p>\n\n\n\n\n\n<p><strong>Vem \u00e4r du och hur l\u00e4nge har du jobbat p\u00e5 Designgymnasiet?<\/strong><br>Jag heter Iraklis och jag \u00e4r en 29-\u00e5rig kreativ arkitekt som har 7-\u00e5rig akademisk utbildning, 2 \u00e5rs yrkeserfarenhet som arkitekt samt 3 \u00e5rs yrkeserfarenhet som gymnasiel\u00e4rare. P\u00e5 Designgymnasiet har jag jobbat i 2 \u00e5r och jag undervisar arkitektur, produktutveckling, gymnasiearbete och teknik.<\/p>\n\n\n\n<p><strong>Ber\u00e4tta om teknikprogrammet&nbsp;<a href=\"https:\/\/designgymnasiet.se\/kungsholmen\/program\/teknikprogrammet\/produktdesign\/\">Produktdesign<\/a>!<\/strong><br>Programmet Produktdesign&nbsp;\u00e4r ett fantastiskt val f\u00f6r dig som vill jobba med lite mindre skala \u00e4n arkitektur och vill fokusera mer p\u00e5 produkter. Programmet handlar om produktutveckling och alla designkurser arbetar med processen att utveckla en id\u00e9 till ny produkt eller f\u00f6rb\u00e4ttra en redan befintlig produkt.<\/p>\n\n\n\n<p><strong>Kan du ber\u00e4tta om st\u00e4mningen p\u00e5 skolan?<\/strong><br>St\u00e4mningen p\u00e5 skolan \u00e4r fantastiskt. En liten skola med stora m\u00f6jligheter f\u00f6r kreativa elever.<\/p>\n\n\n\n<p><strong>Ber\u00e4tta om&nbsp;<a href=\"https:\/\/designgymnasiet.se\/kungsholmen\/var-gymnasieskola\/design-day\/\">Design Day<\/a>!<\/strong><br>Design Day \u00e4r en dag vi st\u00e4ller ut elevernas gymnasiearbeten samt olika projekt fr\u00e5n teknik, produktutveckling och arkitektur. Under denna dag kan man f\u00f6rutom att titta p\u00e5 v\u00e5ra elevers arbeten tr\u00e4ffa v\u00e5ra elever och personal d\u00e4r du kan st\u00e4lla dina fr\u00e5gor om skolan och v\u00e5ra utbildningar.<\/p>\n\n\n\n<p><strong>Hur \u00e4r era lokaler?<\/strong><br>V\u00e5ra lokaler har allt du beh\u00f6ver f\u00f6r att du ska kunna klara dina designuppgifter hos oss. Du \u00e4r varmt v\u00e4lkommen f\u00f6r att kolla runt i v\u00e5r skola under \u00f6ppet hus.&nbsp;<\/p>\n\n\n\n<p><strong>Ber\u00e4tta om&nbsp;<a href=\"https:\/\/designgymnasiet.se\/kungsholmen\/designelev-for-en-dag\/\">Designelev f\u00f6r en dag<\/a>, vad f\u00e5r man g\u00f6ra n\u00e4r man bes\u00f6ker ditt program?<\/strong><br>Vi har m\u00e5nga projekt p\u00e5 g\u00e5ng p\u00e5 Designgymnasiet. Just nu jobbar teknik-ettorna med projektet \u201dLevande Kajer\u201d, ett samarbete mellan trafikkontoret och KTH. Efter jul b\u00f6rjar eleverna rita studentl\u00e4genheter i CAD och SketchUp. Arkitektur-tv\u00e5orna jobbar med attefallshusprojektet medan produktutveckling-treorna arbetar med ett stort husprojekt, ett samarbete mellan konstruktionskursen och produktutveckling.&nbsp;\u00c4r du elev f\u00f6r en dag s\u00e5 blir du en del av projektarbetet. Du kommer f\u00e5 chansen att prata med resten av klassen och f\u00e5 en k\u00e4nsla hur det \u00e4r att jobba med olika designprojekt.&nbsp;Tycker du att det l\u00e5ter kul, s\u00e5 m\u00e5ste du komma hit n\u00e4sta \u00e5r.<\/p>\n\n\n\n<p><strong>Vill du l\u00e4sa mer om Designgymnasiet Kungsholmen?&nbsp;<a href=\"https:\/\/designgymnasiet.se\/kungsholmen\/program\/\">L\u00e4s mer om v\u00e5ra olika program h\u00e4r!<\/a><\/strong><\/p>\n<\/div>\n\n\n\n<div class=\"wp-block-column is-layout-flow wp-block-column-is-layout-flow\" style=\"flex-basis:15%\"><\/div>\n<\/div>\n\n\n\n\n\n<section  class=\"ams-article c-block l-stacked js-load-more\" data-color-scheme=\"cards-white\" data-count=\"3\" data-count-mobile=\"3\">\n\t<div class=\"l-container l-stack l-stack-fluid-2xl u-pt-fluid-3xl-6xl u-pb-fluid-3xl-6xl is-center is-center@md\">\n\t\t\t\t\t<div class=\"ams-article__intro l-stack l-stack-lg\">\n\t\t\t\t\t\n\t<h2\n\tclass=\"c-heading u-font-title-1 \"\n\tstyle=\"\">\n\t\t\n\t\t\t\t\tNyheter\n\t\t\t\t\n\t<\/h2>\n\n\t\t\t\t\t\t\t<\/div>\n\t\t\n\t\t\t\n\t    \n\t\n\t<ul id=\"ams-article-list-69f321ab7c959\" class=\"ams-article__list l-grid u-gap-2xl u-justify-center js-results \" aria-label=\"Artiklar\" data-filter-animation=\"off\">\n\t\t\t\t\t\t\t\t\t\t\t\t\t\t\t\t\t\n\t\t\t\n\t\t\t\n\t\t\t<li class=\"l-col-6@md l-col-4@lg \" data-filter=\"nyheter mars-2026\">\n\t\t\t\t<article class=\"c-card  has-media-zoom  \" data-variant=\"border\" data-style=\"square\" data-click-area>\n\t\t\t\t\t<div class=\"c-card__content l-stack l-stack-sm\">\n\n\t\t\t\t\t\t\t\t\t\t\t\t\t<time class=\"c-card__date u-font-small\" datetime=\"2026-03-25\">25 mars 2026<\/time>\n\t\t\t\t\t\t\n\t\t\t\t\t\t\t\t\t\t\t\t\t<h3 class=\"c-card__title u-font-title-3\">\n\t\t\t\t\t\t\t\t\t\t\t\t\t\t\t\t\t<a class=\"c-card__link\" href=\"https:\/\/designgymnasiet.se\/kungsholmen\/artikel\/finalister-i-sm\/\">\n\t\t\t\t\t\t\t\t\t\tV\u00e5ra elever i SM-final\n\t\t\t\t\t\t\t\t\t<\/a>\n\t\t\t\t\t\t\t\t\t\t\t\t\t\t\t<\/h3>\n\t\t\t\t\t\t\n\t\t\t\t\t\t\t\t\t\t\t\t\t<p class=\"c-card__text l-stack-xs u-font-body\">\n\t\t\t\t\t\t\t\tTre av v\u00e5ra fantastiska elever har tagit sig till final i f\u00e5gelholks-SM. Hj\u00e4lp o&#8230;\n\t\t\t\t\t\t\t<\/p>\n\t\t\t\t\t\t\n\t\t\t\t\t\t\t\t\t\t\t\t\t<ul class=\"c-card__tags l-stack-grow u-list-none u-pt-md\" aria-label=\"Kategorier\">\n\t\t\t\t\t\t\t\t\t\t\t\t\t\t\t\t\t<li><span class=\"c-tag\" data-variant=\"outline\">Nyheter<\/span><\/li>\n\t\t\t\t\t\t\t\t\t\t\t\t\t\t\t<\/ul>\n\t\t\t\t\t\t\n\t\t\t\t\t\t<div class=\"c-card__icon\">\n\t\t\t\t\t\t\t\t\t\t\t\t\t\t<svg class=\"ams-icon ams-icon--arrow-right\" width=\"32\" height=\"32\" viewbox=\"0 0 32 32\" fill=\"currentColor\" aria-hidden=\"true\" xmlns=\"http:\/\/www.w3.org\/2000\/svg\">\n\t\t\t\t\t\t\t\t\t\t\t\t\t\t\t\t<path d=\"M15.4617 0.252159L14.9567 0.75931C14.6219 1.09545 14.6219 1.64048 14.9567 1.97669L27.7062 14.7806H0.857144C0.383786 14.7806 0 15.166 0 15.6414V16.3587C0 16.8341 0.383786 17.2195 0.857144 17.2195H27.7062L14.9567 30.0234C14.6219 30.3595 14.6219 30.9045 14.9567 31.2407L15.4617 31.7479C15.7964 32.084 16.3392 32.084 16.6739 31.7479L31.749 16.6087C32.0837 16.2725 32.0837 15.7275 31.749 15.3913L16.6739 0.252159C16.3392 -0.084053 15.7964 -0.084053 15.4617 0.252159Z\"\/>\n\t\t\t\t\t\t\t\n\t\t\t\t\t\t\t<\/svg>\n\t\t\t\t\t\t<\/div>\n\t\t\t\t\t<\/div>\n\n\t\t\t\t\t<div class=\"c-card__media \" style=\" \">\n\t\t\t\t\t\t<img decoding=\"async\" width=\"400\" height=\"308\" src=\"https:\/\/designgymnasiet.se\/wp-content\/uploads\/sites\/9\/2026\/03\/vilmalivnina-scaled-e1774511065498-400x308.jpg\" class=\"attachment-sm size-sm\" alt=\"\" sizes=\"(min-width: 64em) 300px, (min-width: 48em) calc(.50 * (100vw - 224px)), calc(100vw - 160px)\" srcset=\"https:\/\/designgymnasiet.se\/wp-content\/uploads\/sites\/9\/2026\/03\/vilmalivnina-scaled-e1774511065498-400x308.jpg 400w, https:\/\/designgymnasiet.se\/wp-content\/uploads\/sites\/9\/2026\/03\/vilmalivnina-scaled-e1774511065498-300x231.jpg 300w, https:\/\/designgymnasiet.se\/wp-content\/uploads\/sites\/9\/2026\/03\/vilmalivnina-scaled-e1774511065498-600x461.jpg 600w, https:\/\/designgymnasiet.se\/wp-content\/uploads\/sites\/9\/2026\/03\/vilmalivnina-scaled-e1774511065498-800x615.jpg 800w, https:\/\/designgymnasiet.se\/wp-content\/uploads\/sites\/9\/2026\/03\/vilmalivnina-scaled-e1774511065498-1024x787.jpg 1024w, https:\/\/designgymnasiet.se\/wp-content\/uploads\/sites\/9\/2026\/03\/vilmalivnina-scaled-e1774511065498-1200x923.jpg 1200w\" \/>\n\t\t\t\t\t<\/div>\n\t\t\t\t<\/article>\n\t\t\t<\/li>\n\t\t\t\t\t\t\t\t\t\t\t\t\t\t\t\t\t\n\t\t\t\n\t\t\t\n\t\t\t<li class=\"l-col-6@md l-col-4@lg \" data-filter=\"nyheter december-2025\">\n\t\t\t\t<article class=\"c-card  has-media-zoom  \" data-variant=\"border\" data-style=\"square\" data-click-area>\n\t\t\t\t\t<div class=\"c-card__content l-stack l-stack-sm\">\n\n\t\t\t\t\t\t\t\t\t\t\t\t\t<time class=\"c-card__date u-font-small\" datetime=\"2025-12-05\">5 december 2025<\/time>\n\t\t\t\t\t\t\n\t\t\t\t\t\t\t\t\t\t\t\t\t<h3 class=\"c-card__title u-font-title-3\">\n\t\t\t\t\t\t\t\t\t\t\t\t\t\t\t\t\t<a class=\"c-card__link\" href=\"https:\/\/designgymnasiet.se\/kungsholmen\/artikel\/valkommen-pa-julmarknad\/\">\n\t\t\t\t\t\t\t\t\t\tKom p\u00e5 julmarknad!\n\t\t\t\t\t\t\t\t\t<\/a>\n\t\t\t\t\t\t\t\t\t\t\t\t\t\t\t<\/h3>\n\t\t\t\t\t\t\n\t\t\t\t\t\t\t\t\t\t\t\t\t<p class=\"c-card__text l-stack-xs u-font-body\">\n\t\t\t\t\t\t\t\tDesigngymnasiet Kungsholmen bjuder in till julmarknad 11 december.\n\t\t\t\t\t\t\t<\/p>\n\t\t\t\t\t\t\n\t\t\t\t\t\t\t\t\t\t\t\t\t<ul class=\"c-card__tags l-stack-grow u-list-none u-pt-md\" aria-label=\"Kategorier\">\n\t\t\t\t\t\t\t\t\t\t\t\t\t\t\t\t\t<li><span class=\"c-tag\" data-variant=\"outline\">Nyheter<\/span><\/li>\n\t\t\t\t\t\t\t\t\t\t\t\t\t\t\t<\/ul>\n\t\t\t\t\t\t\n\t\t\t\t\t\t<div class=\"c-card__icon\">\n\t\t\t\t\t\t\t\t\t\t\t\t\t\t<svg class=\"ams-icon ams-icon--arrow-right\" width=\"32\" height=\"32\" viewbox=\"0 0 32 32\" fill=\"currentColor\" aria-hidden=\"true\" xmlns=\"http:\/\/www.w3.org\/2000\/svg\">\n\t\t\t\t\t\t\t\t\t\t\t\t\t\t\t\t<path d=\"M15.4617 0.252159L14.9567 0.75931C14.6219 1.09545 14.6219 1.64048 14.9567 1.97669L27.7062 14.7806H0.857144C0.383786 14.7806 0 15.166 0 15.6414V16.3587C0 16.8341 0.383786 17.2195 0.857144 17.2195H27.7062L14.9567 30.0234C14.6219 30.3595 14.6219 30.9045 14.9567 31.2407L15.4617 31.7479C15.7964 32.084 16.3392 32.084 16.6739 31.7479L31.749 16.6087C32.0837 16.2725 32.0837 15.7275 31.749 15.3913L16.6739 0.252159C16.3392 -0.084053 15.7964 -0.084053 15.4617 0.252159Z\"\/>\n\t\t\t\t\t\t\t\n\t\t\t\t\t\t\t<\/svg>\n\t\t\t\t\t\t<\/div>\n\t\t\t\t\t<\/div>\n\n\t\t\t\t\t<div class=\"c-card__media \" style=\" \">\n\t\t\t\t\t\t<img decoding=\"async\" width=\"400\" height=\"500\" src=\"https:\/\/designgymnasiet.se\/wp-content\/uploads\/sites\/9\/2025\/12\/julmarknad-2025-400x500.jpg\" class=\"attachment-sm size-sm\" alt=\"Text som lyder &quot;Julmarknad 2025&quot; \u00f6ver ett svartvitt foto av en elev.\" sizes=\"(min-width: 64em) 300px, (min-width: 48em) calc(.50 * (100vw - 224px)), calc(100vw - 160px)\" srcset=\"https:\/\/designgymnasiet.se\/wp-content\/uploads\/sites\/9\/2025\/12\/julmarknad-2025-400x500.jpg 400w, https:\/\/designgymnasiet.se\/wp-content\/uploads\/sites\/9\/2025\/12\/julmarknad-2025-300x375.jpg 300w, https:\/\/designgymnasiet.se\/wp-content\/uploads\/sites\/9\/2025\/12\/julmarknad-2025-600x750.jpg 600w, https:\/\/designgymnasiet.se\/wp-content\/uploads\/sites\/9\/2025\/12\/julmarknad-2025-800x1000.jpg 800w, https:\/\/designgymnasiet.se\/wp-content\/uploads\/sites\/9\/2025\/12\/julmarknad-2025-1024x1280.jpg 1024w, https:\/\/designgymnasiet.se\/wp-content\/uploads\/sites\/9\/2025\/12\/julmarknad-2025.jpg 1080w\" \/>\n\t\t\t\t\t<\/div>\n\t\t\t\t<\/article>\n\t\t\t<\/li>\n\t\t\t\t\t\t\t\t\t\t\t\t\t\t\t\t\t\n\t\t\t\n\t\t\t\n\t\t\t<li class=\"l-col-6@md l-col-4@lg \" data-filter=\"nyheter september-2025\">\n\t\t\t\t<article class=\"c-card  has-media-zoom  \" data-variant=\"border\" data-style=\"square\" data-click-area>\n\t\t\t\t\t<div class=\"c-card__content l-stack l-stack-sm\">\n\n\t\t\t\t\t\t\t\t\t\t\t\t\t<time class=\"c-card__date u-font-small\" datetime=\"2025-09-01\">1 september 2025<\/time>\n\t\t\t\t\t\t\n\t\t\t\t\t\t\t\t\t\t\t\t\t<h3 class=\"c-card__title u-font-title-3\">\n\t\t\t\t\t\t\t\t\t\t\t\t\t\t\t\t\t<a class=\"c-card__link\" href=\"https:\/\/designgymnasiet.se\/kungsholmen\/artikel\/lokal\/studentmossa-till-basta-pris\">\n\t\t\t\t\t\t\t\t\t\tStudentm\u00f6ssa till b\u00e4sta pris! \n\t\t\t\t\t\t\t\t\t<\/a>\n\t\t\t\t\t\t\t\t\t\t\t\t\t\t\t<\/h3>\n\t\t\t\t\t\t\n\t\t\t\t\t\t\t\t\t\t\t\t\t<p class=\"c-card__text l-stack-xs u-font-body\">\n\t\t\t\t\t\t\t\tNu kan du som g\u00e5r p\u00e5 en gymnasieskola som tillh\u00f6r AcadeMedia k\u00f6pa din studentm\u00f6ssa till ett extra f\u00f6rm\u00e5nligt pris inf\u00f6r studenten 2026.\u00a0\n\t\t\t\t\t\t\t<\/p>\n\t\t\t\t\t\t\n\t\t\t\t\t\t\t\t\t\t\t\t\t<ul class=\"c-card__tags l-stack-grow u-list-none u-pt-md\" aria-label=\"Kategorier\">\n\t\t\t\t\t\t\t\t\t\t\t\t\t\t\t\t\t<li><span class=\"c-tag\" data-variant=\"outline\">Nyheter<\/span><\/li>\n\t\t\t\t\t\t\t\t\t\t\t\t\t\t\t<\/ul>\n\t\t\t\t\t\t\n\t\t\t\t\t\t<div class=\"c-card__icon\">\n\t\t\t\t\t\t\t\t\t\t\t\t\t\t<svg class=\"ams-icon ams-icon--arrow-right\" width=\"32\" height=\"32\" viewbox=\"0 0 32 32\" fill=\"currentColor\" aria-hidden=\"true\" xmlns=\"http:\/\/www.w3.org\/2000\/svg\">\n\t\t\t\t\t\t\t\t\t\t\t\t\t\t\t\t<path d=\"M15.4617 0.252159L14.9567 0.75931C14.6219 1.09545 14.6219 1.64048 14.9567 1.97669L27.7062 14.7806H0.857144C0.383786 14.7806 0 15.166 0 15.6414V16.3587C0 16.8341 0.383786 17.2195 0.857144 17.2195H27.7062L14.9567 30.0234C14.6219 30.3595 14.6219 30.9045 14.9567 31.2407L15.4617 31.7479C15.7964 32.084 16.3392 32.084 16.6739 31.7479L31.749 16.6087C32.0837 16.2725 32.0837 15.7275 31.749 15.3913L16.6739 0.252159C16.3392 -0.084053 15.7964 -0.084053 15.4617 0.252159Z\"\/>\n\t\t\t\t\t\t\t\n\t\t\t\t\t\t\t<\/svg>\n\t\t\t\t\t\t<\/div>\n\t\t\t\t\t<\/div>\n\n\t\t\t\t\t<div class=\"c-card__media \" style=\" \">\n\t\t\t\t\t\t<img decoding=\"async\" width=\"400\" height=\"226\" src=\"https:\/\/designgymnasiet.se\/wp-content\/uploads\/2025\/09\/student2-2-400x226.jpg\" class=\"attachment-sm size-sm\" alt=\"Elever som viftar med studentm\u00f6ssor i luften.\" sizes=\"(min-width: 64em) 300px, (min-width: 48em) calc(.50 * (100vw - 224px)), calc(100vw - 160px)\" srcset=\"https:\/\/designgymnasiet.se\/wp-content\/uploads\/2025\/09\/student2-2-400x226.jpg 400w, https:\/\/designgymnasiet.se\/wp-content\/uploads\/2025\/09\/student2-2-300x169.jpg 300w, https:\/\/designgymnasiet.se\/wp-content\/uploads\/2025\/09\/student2-2-600x338.jpg 600w, https:\/\/designgymnasiet.se\/wp-content\/uploads\/2025\/09\/student2-2-800x451.jpg 800w, https:\/\/designgymnasiet.se\/wp-content\/uploads\/2025\/09\/student2-2-1024x578.jpg 1024w, https:\/\/designgymnasiet.se\/wp-content\/uploads\/2025\/09\/student2-2-1200x677.jpg 1200w, https:\/\/designgymnasiet.se\/wp-content\/uploads\/2025\/09\/student2-2-1920x1080.jpg 1920w\" \/>\n\t\t\t\t\t<\/div>\n\t\t\t\t<\/article>\n\t\t\t<\/li>\n\t\t\t\t\t\t\t\t\t\t\t\t\t\t\t\t\t\n\t\t\t\n\t\t\t\n\t\t\t<li class=\"l-col-6@md l-col-4@lg \" data-filter=\"nyheter mars-2025\">\n\t\t\t\t<article class=\"c-card  has-media-zoom  \" data-variant=\"border\" data-style=\"square\" data-click-area>\n\t\t\t\t\t<div class=\"c-card__content l-stack l-stack-sm\">\n\n\t\t\t\t\t\t\t\t\t\t\t\t\t<time class=\"c-card__date u-font-small\" datetime=\"2025-03-25\">25 mars 2025<\/time>\n\t\t\t\t\t\t\n\t\t\t\t\t\t\t\t\t\t\t\t\t<h3 class=\"c-card__title u-font-title-3\">\n\t\t\t\t\t\t\t\t\t\t\t\t\t\t\t\t\t<a class=\"c-card__link\" href=\"https:\/\/designgymnasiet.se\/kungsholmen\/artikel\/workshop\/\">\n\t\t\t\t\t\t\t\t\t\tV\u00e4lkommen p\u00e5 Workshop\n\t\t\t\t\t\t\t\t\t<\/a>\n\t\t\t\t\t\t\t\t\t\t\t\t\t\t\t<\/h3>\n\t\t\t\t\t\t\n\t\t\t\t\t\t\t\t\t\t\t\t\t<p class=\"c-card__text l-stack-xs u-font-body\">\n\t\t\t\t\t\t\t\tVi bjuder in till en rolig och inspirerande dag f\u00f6r alla som \u00e4r nyfikna p\u00e5 v\u00e5r s&#8230;\n\t\t\t\t\t\t\t<\/p>\n\t\t\t\t\t\t\n\t\t\t\t\t\t\t\t\t\t\t\t\t<ul class=\"c-card__tags l-stack-grow u-list-none u-pt-md\" aria-label=\"Kategorier\">\n\t\t\t\t\t\t\t\t\t\t\t\t\t\t\t\t\t<li><span class=\"c-tag\" data-variant=\"outline\">Nyheter<\/span><\/li>\n\t\t\t\t\t\t\t\t\t\t\t\t\t\t\t<\/ul>\n\t\t\t\t\t\t\n\t\t\t\t\t\t<div class=\"c-card__icon\">\n\t\t\t\t\t\t\t\t\t\t\t\t\t\t<svg class=\"ams-icon ams-icon--arrow-right\" width=\"32\" height=\"32\" viewbox=\"0 0 32 32\" fill=\"currentColor\" aria-hidden=\"true\" xmlns=\"http:\/\/www.w3.org\/2000\/svg\">\n\t\t\t\t\t\t\t\t\t\t\t\t\t\t\t\t<path d=\"M15.4617 0.252159L14.9567 0.75931C14.6219 1.09545 14.6219 1.64048 14.9567 1.97669L27.7062 14.7806H0.857144C0.383786 14.7806 0 15.166 0 15.6414V16.3587C0 16.8341 0.383786 17.2195 0.857144 17.2195H27.7062L14.9567 30.0234C14.6219 30.3595 14.6219 30.9045 14.9567 31.2407L15.4617 31.7479C15.7964 32.084 16.3392 32.084 16.6739 31.7479L31.749 16.6087C32.0837 16.2725 32.0837 15.7275 31.749 15.3913L16.6739 0.252159C16.3392 -0.084053 15.7964 -0.084053 15.4617 0.252159Z\"\/>\n\t\t\t\t\t\t\t\n\t\t\t\t\t\t\t<\/svg>\n\t\t\t\t\t\t<\/div>\n\t\t\t\t\t<\/div>\n\n\t\t\t\t\t<div class=\"c-card__media \" style=\" \">\n\t\t\t\t\t\t<img decoding=\"async\" width=\"400\" height=\"189\" src=\"https:\/\/designgymnasiet.se\/wp-content\/uploads\/sites\/9\/2023\/10\/teknikprogrammet-202304-e1742897683387-400x189.jpg\" class=\"attachment-sm size-sm\" alt=\"Tv\u00e5 elever tittar leende p\u00e5 varandra medan de slipar en skapelse i tr\u00e4 i en verkstad.\" sizes=\"(min-width: 64em) 300px, (min-width: 48em) calc(.50 * (100vw - 224px)), calc(100vw - 160px)\" srcset=\"https:\/\/designgymnasiet.se\/wp-content\/uploads\/sites\/9\/2023\/10\/teknikprogrammet-202304-e1742897683387-400x189.jpg 400w, https:\/\/designgymnasiet.se\/wp-content\/uploads\/sites\/9\/2023\/10\/teknikprogrammet-202304-e1742897683387-300x142.jpg 300w, https:\/\/designgymnasiet.se\/wp-content\/uploads\/sites\/9\/2023\/10\/teknikprogrammet-202304-e1742897683387-600x284.jpg 600w, https:\/\/designgymnasiet.se\/wp-content\/uploads\/sites\/9\/2023\/10\/teknikprogrammet-202304-e1742897683387-800x378.jpg 800w, https:\/\/designgymnasiet.se\/wp-content\/uploads\/sites\/9\/2023\/10\/teknikprogrammet-202304-e1742897683387-1024x484.jpg 1024w, https:\/\/designgymnasiet.se\/wp-content\/uploads\/sites\/9\/2023\/10\/teknikprogrammet-202304-e1742897683387-1200x567.jpg 1200w, https:\/\/designgymnasiet.se\/wp-content\/uploads\/sites\/9\/2023\/10\/teknikprogrammet-202304-e1742897683387.jpg 1366w\" \/>\n\t\t\t\t\t<\/div>\n\t\t\t\t<\/article>\n\t\t\t<\/li>\n\t\t\t\t\t\t\t\t\t\t\t\t\t\t\t\t\t\n\t\t\t\n\t\t\t\n\t\t\t<li class=\"l-col-6@md l-col-4@lg \" data-filter=\"elevintervjuer oktober-2023\">\n\t\t\t\t<article class=\"c-card  has-media-zoom  \" data-variant=\"border\" data-style=\"square\" data-click-area>\n\t\t\t\t\t<div class=\"c-card__content l-stack l-stack-sm\">\n\n\t\t\t\t\t\t\t\t\t\t\t\t\t<time class=\"c-card__date u-font-small\" datetime=\"2023-10-12\">12 oktober 2023<\/time>\n\t\t\t\t\t\t\n\t\t\t\t\t\t\t\t\t\t\t\t\t<h3 class=\"c-card__title u-font-title-3\">\n\t\t\t\t\t\t\t\t\t\t\t\t\t\t\t\t\t<a class=\"c-card__link\" href=\"https:\/\/designgymnasiet.se\/kungsholmen\/artikel\/lokal\/gymnasiet-ar-till-for-att-du-ska-lara-dig-men-ocksa-ha-kul\">\n\t\t\t\t\t\t\t\t\t\t&#8221;Gymnasiet \u00e4r till f\u00f6r att du ska l\u00e4ra dig men ocks\u00e5 ha kul!&#8221;\n\t\t\t\t\t\t\t\t\t<\/a>\n\t\t\t\t\t\t\t\t\t\t\t\t\t\t\t<\/h3>\n\t\t\t\t\t\t\n\t\t\t\t\t\t\t\t\t\t\t\t\t<p class=\"c-card__text l-stack-xs u-font-body\">\n\t\t\t\t\t\t\t\tMaja ber\u00e4ttar om det Estetiska programmet med inriktning Grafisk design.\n\t\t\t\t\t\t\t<\/p>\n\t\t\t\t\t\t\n\t\t\t\t\t\t\t\t\t\t\t\t\t<ul class=\"c-card__tags l-stack-grow u-list-none u-pt-md\" aria-label=\"Kategorier\">\n\t\t\t\t\t\t\t\t\t\t\t\t\t\t\t\t\t<li><span class=\"c-tag\" data-variant=\"outline\">Elevintervjuer<\/span><\/li>\n\t\t\t\t\t\t\t\t\t\t\t\t\t\t\t<\/ul>\n\t\t\t\t\t\t\n\t\t\t\t\t\t<div class=\"c-card__icon\">\n\t\t\t\t\t\t\t\t\t\t\t\t\t\t<svg class=\"ams-icon ams-icon--arrow-right\" width=\"32\" height=\"32\" viewbox=\"0 0 32 32\" fill=\"currentColor\" aria-hidden=\"true\" xmlns=\"http:\/\/www.w3.org\/2000\/svg\">\n\t\t\t\t\t\t\t\t\t\t\t\t\t\t\t\t<path d=\"M15.4617 0.252159L14.9567 0.75931C14.6219 1.09545 14.6219 1.64048 14.9567 1.97669L27.7062 14.7806H0.857144C0.383786 14.7806 0 15.166 0 15.6414V16.3587C0 16.8341 0.383786 17.2195 0.857144 17.2195H27.7062L14.9567 30.0234C14.6219 30.3595 14.6219 30.9045 14.9567 31.2407L15.4617 31.7479C15.7964 32.084 16.3392 32.084 16.6739 31.7479L31.749 16.6087C32.0837 16.2725 32.0837 15.7275 31.749 15.3913L16.6739 0.252159C16.3392 -0.084053 15.7964 -0.084053 15.4617 0.252159Z\"\/>\n\t\t\t\t\t\t\t\n\t\t\t\t\t\t\t<\/svg>\n\t\t\t\t\t\t<\/div>\n\t\t\t\t\t<\/div>\n\n\t\t\t\t\t<div class=\"c-card__media \" style=\" \">\n\t\t\t\t\t\t<img decoding=\"async\" width=\"400\" height=\"393\" src=\"https:\/\/designgymnasiet.se\/wp-content\/uploads\/2023\/10\/dgkungsholmenmajaelevintervju-400x393.jpg\" class=\"attachment-sm size-sm\" alt=\"Personportr\u00e4tt p\u00e5 eleven Maja.\" sizes=\"(min-width: 64em) 300px, (min-width: 48em) calc(.50 * (100vw - 224px)), calc(100vw - 160px)\" srcset=\"https:\/\/designgymnasiet.se\/wp-content\/uploads\/2023\/10\/dgkungsholmenmajaelevintervju-400x393.jpg 400w, https:\/\/designgymnasiet.se\/wp-content\/uploads\/2023\/10\/dgkungsholmenmajaelevintervju-300x295.jpg 300w, https:\/\/designgymnasiet.se\/wp-content\/uploads\/2023\/10\/dgkungsholmenmajaelevintervju-600x589.jpg 600w, https:\/\/designgymnasiet.se\/wp-content\/uploads\/2023\/10\/dgkungsholmenmajaelevintervju-800x786.jpg 800w, https:\/\/designgymnasiet.se\/wp-content\/uploads\/2023\/10\/dgkungsholmenmajaelevintervju-1024x1006.jpg 1024w, https:\/\/designgymnasiet.se\/wp-content\/uploads\/2023\/10\/dgkungsholmenmajaelevintervju-1200x1179.jpg 1200w\" \/>\n\t\t\t\t\t<\/div>\n\t\t\t\t<\/article>\n\t\t\t<\/li>\n\t\t\t\t\t\t\t\t\t\t\t\t\t\t\t\t\t\n\t\t\t\n\t\t\t\n\t\t\t<li class=\"l-col-6@md l-col-4@lg \" data-filter=\"elevintervjuer oktober-2023\">\n\t\t\t\t<article class=\"c-card  has-media-zoom  \" data-variant=\"border\" data-style=\"square\" data-click-area>\n\t\t\t\t\t<div class=\"c-card__content l-stack l-stack-sm\">\n\n\t\t\t\t\t\t\t\t\t\t\t\t\t<time class=\"c-card__date u-font-small\" datetime=\"2023-10-12\">12 oktober 2023<\/time>\n\t\t\t\t\t\t\n\t\t\t\t\t\t\t\t\t\t\t\t\t<h3 class=\"c-card__title u-font-title-3\">\n\t\t\t\t\t\t\t\t\t\t\t\t\t\t\t\t\t<a class=\"c-card__link\" href=\"https:\/\/designgymnasiet.se\/kungsholmen\/artikel\/lokal\/zelie-om-skolan-och-inredningsdesign\">\n\t\t\t\t\t\t\t\t\t\t&#8221;Jag tycker att det b\u00e4sta \u00e4r l\u00e4rarna&#8221;\n\t\t\t\t\t\t\t\t\t<\/a>\n\t\t\t\t\t\t\t\t\t\t\t\t\t\t\t<\/h3>\n\t\t\t\t\t\t\n\t\t\t\t\t\t\t\t\t\t\t\t\t<p class=\"c-card__text l-stack-xs u-font-body\">\n\t\t\t\t\t\t\t\tZeli\u00e9 g\u00e5r tredje \u00e5ret p\u00e5 Designgymnasiets profil inredningsdesign. H\u00e4r ber\u00e4ttar hon om skolan, inriktningen och sin utveckling!\n\t\t\t\t\t\t\t<\/p>\n\t\t\t\t\t\t\n\t\t\t\t\t\t\t\t\t\t\t\t\t<ul class=\"c-card__tags l-stack-grow u-list-none u-pt-md\" aria-label=\"Kategorier\">\n\t\t\t\t\t\t\t\t\t\t\t\t\t\t\t\t\t<li><span class=\"c-tag\" data-variant=\"outline\">Elevintervjuer<\/span><\/li>\n\t\t\t\t\t\t\t\t\t\t\t\t\t\t\t<\/ul>\n\t\t\t\t\t\t\n\t\t\t\t\t\t<div class=\"c-card__icon\">\n\t\t\t\t\t\t\t\t\t\t\t\t\t\t<svg class=\"ams-icon ams-icon--arrow-right\" width=\"32\" height=\"32\" viewbox=\"0 0 32 32\" fill=\"currentColor\" aria-hidden=\"true\" xmlns=\"http:\/\/www.w3.org\/2000\/svg\">\n\t\t\t\t\t\t\t\t\t\t\t\t\t\t\t\t<path d=\"M15.4617 0.252159L14.9567 0.75931C14.6219 1.09545 14.6219 1.64048 14.9567 1.97669L27.7062 14.7806H0.857144C0.383786 14.7806 0 15.166 0 15.6414V16.3587C0 16.8341 0.383786 17.2195 0.857144 17.2195H27.7062L14.9567 30.0234C14.6219 30.3595 14.6219 30.9045 14.9567 31.2407L15.4617 31.7479C15.7964 32.084 16.3392 32.084 16.6739 31.7479L31.749 16.6087C32.0837 16.2725 32.0837 15.7275 31.749 15.3913L16.6739 0.252159C16.3392 -0.084053 15.7964 -0.084053 15.4617 0.252159Z\"\/>\n\t\t\t\t\t\t\t\n\t\t\t\t\t\t\t<\/svg>\n\t\t\t\t\t\t<\/div>\n\t\t\t\t\t<\/div>\n\n\t\t\t\t\t<div class=\"c-card__media \" style=\" \">\n\t\t\t\t\t\t<img decoding=\"async\" width=\"400\" height=\"370\" src=\"https:\/\/designgymnasiet.se\/wp-content\/uploads\/2023\/10\/zelie-deba-e1697117475769-400x370.jpg\" class=\"attachment-sm size-sm\" alt=\"Personportr\u00e4tt p\u00e5 eleven Zeli\u00e9.\" sizes=\"(min-width: 64em) 300px, (min-width: 48em) calc(.50 * (100vw - 224px)), calc(100vw - 160px)\" srcset=\"https:\/\/designgymnasiet.se\/wp-content\/uploads\/2023\/10\/zelie-deba-e1697117475769-400x370.jpg 400w, https:\/\/designgymnasiet.se\/wp-content\/uploads\/2023\/10\/zelie-deba-e1697117475769-300x278.jpg 300w, https:\/\/designgymnasiet.se\/wp-content\/uploads\/2023\/10\/zelie-deba-e1697117475769-600x555.jpg 600w, https:\/\/designgymnasiet.se\/wp-content\/uploads\/2023\/10\/zelie-deba-e1697117475769-800x740.jpg 800w, https:\/\/designgymnasiet.se\/wp-content\/uploads\/2023\/10\/zelie-deba-e1697117475769.jpg 1000w\" \/>\n\t\t\t\t\t<\/div>\n\t\t\t\t<\/article>\n\t\t\t<\/li>\n\t\t\t\t\t\t\t\t\t\t\t\t\t\t\t\t\t\n\t\t\t\n\t\t\t\n\t\t\t<li class=\"l-col-6@md l-col-4@lg \" data-filter=\"elevintervjuer oktober-2023\">\n\t\t\t\t<article class=\"c-card  has-media-zoom  \" data-variant=\"border\" data-style=\"square\" data-click-area>\n\t\t\t\t\t<div class=\"c-card__content l-stack l-stack-sm\">\n\n\t\t\t\t\t\t\t\t\t\t\t\t\t<time class=\"c-card__date u-font-small\" datetime=\"2023-10-11\">11 oktober 2023<\/time>\n\t\t\t\t\t\t\n\t\t\t\t\t\t\t\t\t\t\t\t\t<h3 class=\"c-card__title u-font-title-3\">\n\t\t\t\t\t\t\t\t\t\t\t\t\t\t\t\t\t<a class=\"c-card__link\" href=\"https:\/\/designgymnasiet.se\/kungsholmen\/artikel\/lokal\/man-far-verkligen-en-inblick-i-produktutveckling\">\n\t\t\t\t\t\t\t\t\t\t\u201dMan f\u00e5r verkligen en inblick i produktutveckling\u201d\n\t\t\t\t\t\t\t\t\t<\/a>\n\t\t\t\t\t\t\t\t\t\t\t\t\t\t\t<\/h3>\n\t\t\t\t\t\t\n\t\t\t\t\t\t\t\t\t\t\t\t\t<p class=\"c-card__text l-stack-xs u-font-body\">\n\t\t\t\t\t\t\t\tAdam besvarar fem fr\u00e5gor om sin utbildning och om skolan.\n\t\t\t\t\t\t\t<\/p>\n\t\t\t\t\t\t\n\t\t\t\t\t\t\t\t\t\t\t\t\t<ul class=\"c-card__tags l-stack-grow u-list-none u-pt-md\" aria-label=\"Kategorier\">\n\t\t\t\t\t\t\t\t\t\t\t\t\t\t\t\t\t<li><span class=\"c-tag\" data-variant=\"outline\">Elevintervjuer<\/span><\/li>\n\t\t\t\t\t\t\t\t\t\t\t\t\t\t\t<\/ul>\n\t\t\t\t\t\t\n\t\t\t\t\t\t<div class=\"c-card__icon\">\n\t\t\t\t\t\t\t\t\t\t\t\t\t\t<svg class=\"ams-icon ams-icon--arrow-right\" width=\"32\" height=\"32\" viewbox=\"0 0 32 32\" fill=\"currentColor\" aria-hidden=\"true\" xmlns=\"http:\/\/www.w3.org\/2000\/svg\">\n\t\t\t\t\t\t\t\t\t\t\t\t\t\t\t\t<path d=\"M15.4617 0.252159L14.9567 0.75931C14.6219 1.09545 14.6219 1.64048 14.9567 1.97669L27.7062 14.7806H0.857144C0.383786 14.7806 0 15.166 0 15.6414V16.3587C0 16.8341 0.383786 17.2195 0.857144 17.2195H27.7062L14.9567 30.0234C14.6219 30.3595 14.6219 30.9045 14.9567 31.2407L15.4617 31.7479C15.7964 32.084 16.3392 32.084 16.6739 31.7479L31.749 16.6087C32.0837 16.2725 32.0837 15.7275 31.749 15.3913L16.6739 0.252159C16.3392 -0.084053 15.7964 -0.084053 15.4617 0.252159Z\"\/>\n\t\t\t\t\t\t\t\n\t\t\t\t\t\t\t<\/svg>\n\t\t\t\t\t\t<\/div>\n\t\t\t\t\t<\/div>\n\n\t\t\t\t\t<div class=\"c-card__media \" style=\" \">\n\t\t\t\t\t\t<img decoding=\"async\" width=\"400\" height=\"379\" src=\"https:\/\/designgymnasiet.se\/wp-content\/uploads\/2023\/10\/adam-om-produktutveckling-202204-e1697032667718-400x379.jpg\" class=\"attachment-sm size-sm\" alt=\"Personportr\u00e4tt p\u00e5 eleven Adam.\" sizes=\"(min-width: 64em) 300px, (min-width: 48em) calc(.50 * (100vw - 224px)), calc(100vw - 160px)\" srcset=\"https:\/\/designgymnasiet.se\/wp-content\/uploads\/2023\/10\/adam-om-produktutveckling-202204-e1697032667718-400x379.jpg 400w, https:\/\/designgymnasiet.se\/wp-content\/uploads\/2023\/10\/adam-om-produktutveckling-202204-e1697032667718-300x284.jpg 300w, https:\/\/designgymnasiet.se\/wp-content\/uploads\/2023\/10\/adam-om-produktutveckling-202204-e1697032667718-600x568.jpg 600w, https:\/\/designgymnasiet.se\/wp-content\/uploads\/2023\/10\/adam-om-produktutveckling-202204-e1697032667718-800x758.jpg 800w, https:\/\/designgymnasiet.se\/wp-content\/uploads\/2023\/10\/adam-om-produktutveckling-202204-e1697032667718.jpg 854w\" \/>\n\t\t\t\t\t<\/div>\n\t\t\t\t<\/article>\n\t\t\t<\/li>\n\t\t\t\t\t\t\t\t\t\t\t\t\t\t\t\t\t\n\t\t\t\n\t\t\t\n\t\t\t<li class=\"l-col-6@md l-col-4@lg \" data-filter=\"nyheter september-2023\">\n\t\t\t\t<article class=\"c-card  has-media-zoom  \" data-variant=\"border\" data-style=\"square\" data-click-area>\n\t\t\t\t\t<div class=\"c-card__content l-stack l-stack-sm\">\n\n\t\t\t\t\t\t\t\t\t\t\t\t\t<time class=\"c-card__date u-font-small\" datetime=\"2023-09-26\">26 september 2023<\/time>\n\t\t\t\t\t\t\n\t\t\t\t\t\t\t\t\t\t\t\t\t<h3 class=\"c-card__title u-font-title-3\">\n\t\t\t\t\t\t\t\t\t\t\t\t\t\t\t\t\t<a class=\"c-card__link\" href=\"https:\/\/designgymnasiet.se\/kungsholmen\/artikel\/lokal\/designbranschen-i-sverige-vagar-till-en-framgangsrik-karriar\">\n\t\t\t\t\t\t\t\t\t\tDesignbranschen i Sverige\n\t\t\t\t\t\t\t\t\t<\/a>\n\t\t\t\t\t\t\t\t\t\t\t\t\t\t\t<\/h3>\n\t\t\t\t\t\t\n\t\t\t\t\t\t\t\t\t\t\t\t\t<p class=\"c-card__text l-stack-xs u-font-body\">\n\t\t\t\t\t\t\t\tOm designbranschens bredd, olika utbildningar och karri\u00e4rv\u00e4gar.\n\t\t\t\t\t\t\t<\/p>\n\t\t\t\t\t\t\n\t\t\t\t\t\t\t\t\t\t\t\t\t<ul class=\"c-card__tags l-stack-grow u-list-none u-pt-md\" aria-label=\"Kategorier\">\n\t\t\t\t\t\t\t\t\t\t\t\t\t\t\t\t\t<li><span class=\"c-tag\" data-variant=\"outline\">Nyheter<\/span><\/li>\n\t\t\t\t\t\t\t\t\t\t\t\t\t\t\t<\/ul>\n\t\t\t\t\t\t\n\t\t\t\t\t\t<div class=\"c-card__icon\">\n\t\t\t\t\t\t\t\t\t\t\t\t\t\t<svg class=\"ams-icon ams-icon--arrow-right\" width=\"32\" height=\"32\" viewbox=\"0 0 32 32\" fill=\"currentColor\" aria-hidden=\"true\" xmlns=\"http:\/\/www.w3.org\/2000\/svg\">\n\t\t\t\t\t\t\t\t\t\t\t\t\t\t\t\t<path d=\"M15.4617 0.252159L14.9567 0.75931C14.6219 1.09545 14.6219 1.64048 14.9567 1.97669L27.7062 14.7806H0.857144C0.383786 14.7806 0 15.166 0 15.6414V16.3587C0 16.8341 0.383786 17.2195 0.857144 17.2195H27.7062L14.9567 30.0234C14.6219 30.3595 14.6219 30.9045 14.9567 31.2407L15.4617 31.7479C15.7964 32.084 16.3392 32.084 16.6739 31.7479L31.749 16.6087C32.0837 16.2725 32.0837 15.7275 31.749 15.3913L16.6739 0.252159C16.3392 -0.084053 15.7964 -0.084053 15.4617 0.252159Z\"\/>\n\t\t\t\t\t\t\t\n\t\t\t\t\t\t\t<\/svg>\n\t\t\t\t\t\t<\/div>\n\t\t\t\t\t<\/div>\n\n\t\t\t\t\t<div class=\"c-card__media \" style=\" \">\n\t\t\t\t\t\t<img decoding=\"async\" width=\"400\" height=\"267\" src=\"https:\/\/designgymnasiet.se\/wp-content\/uploads\/2023\/09\/designbranschen-202304-400x267.jpg\" class=\"attachment-sm size-sm\" alt=\"Elev arbetar med grafisk design p\u00e5 dator.\" sizes=\"(min-width: 64em) 300px, (min-width: 48em) calc(.50 * (100vw - 224px)), calc(100vw - 160px)\" srcset=\"https:\/\/designgymnasiet.se\/wp-content\/uploads\/2023\/09\/designbranschen-202304-400x267.jpg 400w, https:\/\/designgymnasiet.se\/wp-content\/uploads\/2023\/09\/designbranschen-202304-300x200.jpg 300w, https:\/\/designgymnasiet.se\/wp-content\/uploads\/2023\/09\/designbranschen-202304-600x400.jpg 600w, https:\/\/designgymnasiet.se\/wp-content\/uploads\/2023\/09\/designbranschen-202304-800x533.jpg 800w, https:\/\/designgymnasiet.se\/wp-content\/uploads\/2023\/09\/designbranschen-202304-1024x683.jpg 1024w, https:\/\/designgymnasiet.se\/wp-content\/uploads\/2023\/09\/designbranschen-202304-1200x800.jpg 1200w, https:\/\/designgymnasiet.se\/wp-content\/uploads\/2023\/09\/designbranschen-202304.jpg 2048w\" \/>\n\t\t\t\t\t<\/div>\n\t\t\t\t<\/article>\n\t\t\t<\/li>\n\t\t\t\t\t\t\t\t\t\t\t\t\t\t\t\t\t\n\t\t\t\n\t\t\t\n\t\t\t<li class=\"l-col-6@md l-col-4@lg \" data-filter=\"elevintervjuer maj-2022\">\n\t\t\t\t<article class=\"c-card  has-media-zoom  \" data-variant=\"border\" data-style=\"square\" data-click-area>\n\t\t\t\t\t<div class=\"c-card__content l-stack l-stack-sm\">\n\n\t\t\t\t\t\t\t\t\t\t\t\t\t<time class=\"c-card__date u-font-small\" datetime=\"2022-05-31\">31 maj 2022<\/time>\n\t\t\t\t\t\t\n\t\t\t\t\t\t\t\t\t\t\t\t\t<h3 class=\"c-card__title u-font-title-3\">\n\t\t\t\t\t\t\t\t\t\t\t\t\t\t\t\t\t<a class=\"c-card__link\" href=\"https:\/\/designgymnasiet.se\/kungsholmen\/artikel\/lokal\/efter-studenten-tankte-jag-driva-en-egen-butik\">\n\t\t\t\t\t\t\t\t\t\t&#8221;Efter studenten t\u00e4nkte jag driva en egen butik&#8221;\n\t\t\t\t\t\t\t\t\t<\/a>\n\t\t\t\t\t\t\t\t\t\t\t\t\t\t\t<\/h3>\n\t\t\t\t\t\t\n\t\t\t\t\t\t\t\t\t\t\t\t\t<p class=\"c-card__text l-stack-xs u-font-body\">\n\t\t\t\t\t\t\t\tAli Reza g\u00e5r i \u00e5rskurs 2 p\u00e5 F\u00f6rs\u00e4ljning- och serviceprogrammet. H\u00e4r ber\u00e4ttar han om skolan och programmet.\n\t\t\t\t\t\t\t<\/p>\n\t\t\t\t\t\t\n\t\t\t\t\t\t\t\t\t\t\t\t\t<ul class=\"c-card__tags l-stack-grow u-list-none u-pt-md\" aria-label=\"Kategorier\">\n\t\t\t\t\t\t\t\t\t\t\t\t\t\t\t\t\t<li><span class=\"c-tag\" data-variant=\"outline\">Elevintervjuer<\/span><\/li>\n\t\t\t\t\t\t\t\t\t\t\t\t\t\t\t<\/ul>\n\t\t\t\t\t\t\n\t\t\t\t\t\t<div class=\"c-card__icon\">\n\t\t\t\t\t\t\t\t\t\t\t\t\t\t<svg class=\"ams-icon ams-icon--arrow-right\" width=\"32\" height=\"32\" viewbox=\"0 0 32 32\" fill=\"currentColor\" aria-hidden=\"true\" xmlns=\"http:\/\/www.w3.org\/2000\/svg\">\n\t\t\t\t\t\t\t\t\t\t\t\t\t\t\t\t<path d=\"M15.4617 0.252159L14.9567 0.75931C14.6219 1.09545 14.6219 1.64048 14.9567 1.97669L27.7062 14.7806H0.857144C0.383786 14.7806 0 15.166 0 15.6414V16.3587C0 16.8341 0.383786 17.2195 0.857144 17.2195H27.7062L14.9567 30.0234C14.6219 30.3595 14.6219 30.9045 14.9567 31.2407L15.4617 31.7479C15.7964 32.084 16.3392 32.084 16.6739 31.7479L31.749 16.6087C32.0837 16.2725 32.0837 15.7275 31.749 15.3913L16.6739 0.252159C16.3392 -0.084053 15.7964 -0.084053 15.4617 0.252159Z\"\/>\n\t\t\t\t\t\t\t\n\t\t\t\t\t\t\t<\/svg>\n\t\t\t\t\t\t<\/div>\n\t\t\t\t\t<\/div>\n\n\t\t\t\t\t<div class=\"c-card__media \" style=\" \">\n\t\t\t\t\t\t<img decoding=\"async\" width=\"400\" height=\"272\" src=\"https:\/\/designgymnasiet.se\/wp-content\/uploads\/2023\/10\/ali-reza-elev-utstallningsdesign-202204-e1709018693298-400x272.jpg\" class=\"attachment-sm size-sm\" alt=\"Personportr\u00e4tt p\u00e5 eleven Ali.\" sizes=\"(min-width: 64em) 300px, (min-width: 48em) calc(.50 * (100vw - 224px)), calc(100vw - 160px)\" srcset=\"https:\/\/designgymnasiet.se\/wp-content\/uploads\/2023\/10\/ali-reza-elev-utstallningsdesign-202204-e1709018693298-400x272.jpg 400w, https:\/\/designgymnasiet.se\/wp-content\/uploads\/2023\/10\/ali-reza-elev-utstallningsdesign-202204-e1709018693298-300x204.jpg 300w, https:\/\/designgymnasiet.se\/wp-content\/uploads\/2023\/10\/ali-reza-elev-utstallningsdesign-202204-e1709018693298-600x408.jpg 600w, https:\/\/designgymnasiet.se\/wp-content\/uploads\/2023\/10\/ali-reza-elev-utstallningsdesign-202204-e1709018693298-800x544.jpg 800w, https:\/\/designgymnasiet.se\/wp-content\/uploads\/2023\/10\/ali-reza-elev-utstallningsdesign-202204-e1709018693298.jpg 853w\" \/>\n\t\t\t\t\t<\/div>\n\t\t\t\t<\/article>\n\t\t\t<\/li>\n\t\t\t\t\t\t\t\t\t\t\t\t\t\t\t\t\t\n\t\t\t\n\t\t\t\n\t\t\t<li class=\"l-col-6@md l-col-4@lg \" data-filter=\"design-day elevintervjuer maj-2022\">\n\t\t\t\t<article class=\"c-card  has-media-zoom  \" data-variant=\"border\" data-style=\"square\" data-click-area>\n\t\t\t\t\t<div class=\"c-card__content l-stack l-stack-sm\">\n\n\t\t\t\t\t\t\t\t\t\t\t\t\t<time class=\"c-card__date u-font-small\" datetime=\"2022-05-31\">31 maj 2022<\/time>\n\t\t\t\t\t\t\n\t\t\t\t\t\t\t\t\t\t\t\t\t<h3 class=\"c-card__title u-font-title-3\">\n\t\t\t\t\t\t\t\t\t\t\t\t\t\t\t\t\t<a class=\"c-card__link\" href=\"https:\/\/designgymnasiet.se\/kungsholmen\/artikel\/lokal\/adam-omra-design-day\">\n\t\t\t\t\t\t\t\t\t\tAdam visar upp sin app under Design Day\n\t\t\t\t\t\t\t\t\t<\/a>\n\t\t\t\t\t\t\t\t\t\t\t\t\t\t\t<\/h3>\n\t\t\t\t\t\t\n\t\t\t\t\t\t\t\t\t\t\t\t\t<p class=\"c-card__text l-stack-xs u-font-body\">\n\t\t\t\t\t\t\t\tAppen som hanterar digitala kvitton har Adam redan hunnit visa upp f\u00f6r Bank IDs VD \n\t\t\t\t\t\t\t<\/p>\n\t\t\t\t\t\t\n\t\t\t\t\t\t\t\t\t\t\t\t\t<ul class=\"c-card__tags l-stack-grow u-list-none u-pt-md\" aria-label=\"Kategorier\">\n\t\t\t\t\t\t\t\t\t\t\t\t\t\t\t\t\t<li><span class=\"c-tag\" data-variant=\"outline\">Design Day<\/span><\/li>\n\t\t\t\t\t\t\t\t\t\t\t\t\t\t\t\t\t<li><span class=\"c-tag\" data-variant=\"outline\">Elevintervjuer<\/span><\/li>\n\t\t\t\t\t\t\t\t\t\t\t\t\t\t\t<\/ul>\n\t\t\t\t\t\t\n\t\t\t\t\t\t<div class=\"c-card__icon\">\n\t\t\t\t\t\t\t\t\t\t\t\t\t\t<svg class=\"ams-icon ams-icon--arrow-right\" width=\"32\" height=\"32\" viewbox=\"0 0 32 32\" fill=\"currentColor\" aria-hidden=\"true\" xmlns=\"http:\/\/www.w3.org\/2000\/svg\">\n\t\t\t\t\t\t\t\t\t\t\t\t\t\t\t\t<path d=\"M15.4617 0.252159L14.9567 0.75931C14.6219 1.09545 14.6219 1.64048 14.9567 1.97669L27.7062 14.7806H0.857144C0.383786 14.7806 0 15.166 0 15.6414V16.3587C0 16.8341 0.383786 17.2195 0.857144 17.2195H27.7062L14.9567 30.0234C14.6219 30.3595 14.6219 30.9045 14.9567 31.2407L15.4617 31.7479C15.7964 32.084 16.3392 32.084 16.6739 31.7479L31.749 16.6087C32.0837 16.2725 32.0837 15.7275 31.749 15.3913L16.6739 0.252159C16.3392 -0.084053 15.7964 -0.084053 15.4617 0.252159Z\"\/>\n\t\t\t\t\t\t\t\n\t\t\t\t\t\t\t<\/svg>\n\t\t\t\t\t\t<\/div>\n\t\t\t\t\t<\/div>\n\n\t\t\t\t\t<div class=\"c-card__media \" style=\" \">\n\t\t\t\t\t\t<img decoding=\"async\" width=\"400\" height=\"233\" src=\"https:\/\/designgymnasiet.se\/wp-content\/uploads\/2023\/09\/adam-omra-design-day-202204-e1696493141744-400x233.jpg\" class=\"attachment-sm size-sm\" alt=\"Personportr\u00e4tt p\u00e5 eleven Adam.\" sizes=\"(min-width: 64em) 300px, (min-width: 48em) calc(.50 * (100vw - 224px)), calc(100vw - 160px)\" srcset=\"https:\/\/designgymnasiet.se\/wp-content\/uploads\/2023\/09\/adam-omra-design-day-202204-e1696493141744-400x233.jpg 400w, https:\/\/designgymnasiet.se\/wp-content\/uploads\/2023\/09\/adam-omra-design-day-202204-e1696493141744-300x175.jpg 300w, https:\/\/designgymnasiet.se\/wp-content\/uploads\/2023\/09\/adam-omra-design-day-202204-e1696493141744-600x349.jpg 600w, https:\/\/designgymnasiet.se\/wp-content\/uploads\/2023\/09\/adam-omra-design-day-202204-e1696493141744-800x466.jpg 800w, https:\/\/designgymnasiet.se\/wp-content\/uploads\/2023\/09\/adam-omra-design-day-202204-e1696493141744.jpg 1000w\" \/>\n\t\t\t\t\t<\/div>\n\t\t\t\t<\/article>\n\t\t\t<\/li>\n\t\t\t\t\t\t\t\t\t\t\t\t\t\t\t\t\t\n\t\t\t\n\t\t\t\n\t\t\t<li class=\"l-col-6@md l-col-4@lg \" data-filter=\"design-day elevintervjuer maj-2022\">\n\t\t\t\t<article class=\"c-card  has-media-zoom  \" data-variant=\"border\" data-style=\"square\" data-click-area>\n\t\t\t\t\t<div class=\"c-card__content l-stack l-stack-sm\">\n\n\t\t\t\t\t\t\t\t\t\t\t\t\t<time class=\"c-card__date u-font-small\" datetime=\"2022-05-31\">31 maj 2022<\/time>\n\t\t\t\t\t\t\n\t\t\t\t\t\t\t\t\t\t\t\t\t<h3 class=\"c-card__title u-font-title-3\">\n\t\t\t\t\t\t\t\t\t\t\t\t\t\t\t\t\t<a class=\"c-card__link\" href=\"https:\/\/designgymnasiet.se\/kungsholmen\/artikel\/lokal\/anna-och-hannah-design-day\">\n\t\t\t\t\t\t\t\t\t\tAnna och Hannah har designat ett eget mordmysterium\n\t\t\t\t\t\t\t\t\t<\/a>\n\t\t\t\t\t\t\t\t\t\t\t\t\t\t\t<\/h3>\n\t\t\t\t\t\t\n\t\t\t\t\t\t\t\t\t\t\t\t\t<p class=\"c-card__text l-stack-xs u-font-body\">\n\t\t\t\t\t\t\t\tArbetet \u00e4r en del av gymnasiearbetet och visas upp under Design Day \n\t\t\t\t\t\t\t<\/p>\n\t\t\t\t\t\t\n\t\t\t\t\t\t\t\t\t\t\t\t\t<ul class=\"c-card__tags l-stack-grow u-list-none u-pt-md\" aria-label=\"Kategorier\">\n\t\t\t\t\t\t\t\t\t\t\t\t\t\t\t\t\t<li><span class=\"c-tag\" data-variant=\"outline\">Design Day<\/span><\/li>\n\t\t\t\t\t\t\t\t\t\t\t\t\t\t\t\t\t<li><span class=\"c-tag\" data-variant=\"outline\">Elevintervjuer<\/span><\/li>\n\t\t\t\t\t\t\t\t\t\t\t\t\t\t\t<\/ul>\n\t\t\t\t\t\t\n\t\t\t\t\t\t<div class=\"c-card__icon\">\n\t\t\t\t\t\t\t\t\t\t\t\t\t\t<svg class=\"ams-icon ams-icon--arrow-right\" width=\"32\" height=\"32\" viewbox=\"0 0 32 32\" fill=\"currentColor\" aria-hidden=\"true\" xmlns=\"http:\/\/www.w3.org\/2000\/svg\">\n\t\t\t\t\t\t\t\t\t\t\t\t\t\t\t\t<path d=\"M15.4617 0.252159L14.9567 0.75931C14.6219 1.09545 14.6219 1.64048 14.9567 1.97669L27.7062 14.7806H0.857144C0.383786 14.7806 0 15.166 0 15.6414V16.3587C0 16.8341 0.383786 17.2195 0.857144 17.2195H27.7062L14.9567 30.0234C14.6219 30.3595 14.6219 30.9045 14.9567 31.2407L15.4617 31.7479C15.7964 32.084 16.3392 32.084 16.6739 31.7479L31.749 16.6087C32.0837 16.2725 32.0837 15.7275 31.749 15.3913L16.6739 0.252159C16.3392 -0.084053 15.7964 -0.084053 15.4617 0.252159Z\"\/>\n\t\t\t\t\t\t\t\n\t\t\t\t\t\t\t<\/svg>\n\t\t\t\t\t\t<\/div>\n\t\t\t\t\t<\/div>\n\n\t\t\t\t\t<div class=\"c-card__media \" style=\" \">\n\t\t\t\t\t\t<img decoding=\"async\" width=\"400\" height=\"375\" src=\"https:\/\/designgymnasiet.se\/wp-content\/uploads\/2023\/09\/hanna-och-anna-pa-deign-day-202204-e1696491562494-400x375.jpg\" class=\"attachment-sm size-sm\" alt=\"Personportr\u00e4tt p\u00e5 eleverna Hanna och Anna.\" sizes=\"(min-width: 64em) 300px, (min-width: 48em) calc(.50 * (100vw - 224px)), calc(100vw - 160px)\" srcset=\"https:\/\/designgymnasiet.se\/wp-content\/uploads\/2023\/09\/hanna-och-anna-pa-deign-day-202204-e1696491562494-400x375.jpg 400w, https:\/\/designgymnasiet.se\/wp-content\/uploads\/2023\/09\/hanna-och-anna-pa-deign-day-202204-e1696491562494-300x281.jpg 300w, https:\/\/designgymnasiet.se\/wp-content\/uploads\/2023\/09\/hanna-och-anna-pa-deign-day-202204-e1696491562494-600x562.jpg 600w, https:\/\/designgymnasiet.se\/wp-content\/uploads\/2023\/09\/hanna-och-anna-pa-deign-day-202204-e1696491562494.jpg 650w\" \/>\n\t\t\t\t\t<\/div>\n\t\t\t\t<\/article>\n\t\t\t<\/li>\n\t\t\t\t\t\t\t\t\t\t\t\t\t\t\t\t\t\n\t\t\t\n\t\t\t\n\t\t\t<li class=\"l-col-6@md l-col-4@lg \" data-filter=\"elevintervjuer maj-2022\">\n\t\t\t\t<article class=\"c-card  has-media-zoom  \" data-variant=\"border\" data-style=\"square\" data-click-area>\n\t\t\t\t\t<div class=\"c-card__content l-stack l-stack-sm\">\n\n\t\t\t\t\t\t\t\t\t\t\t\t\t<time class=\"c-card__date u-font-small\" datetime=\"2022-05-31\">31 maj 2022<\/time>\n\t\t\t\t\t\t\n\t\t\t\t\t\t\t\t\t\t\t\t\t<h3 class=\"c-card__title u-font-title-3\">\n\t\t\t\t\t\t\t\t\t\t\t\t\t\t\t\t\t<a class=\"c-card__link\" href=\"https:\/\/designgymnasiet.se\/kungsholmen\/artikel\/lokal\/alla-ar-trevliga-en-trevlig-vibe-overlag\">\n\t\t\t\t\t\t\t\t\t\t\u201dAlla \u00e4r trevliga. En trevlig vibe \u00f6verlag!\u201d\n\t\t\t\t\t\t\t\t\t<\/a>\n\t\t\t\t\t\t\t\t\t\t\t\t\t\t\t<\/h3>\n\t\t\t\t\t\t\n\t\t\t\t\t\t\t\t\t\t\t\t\t<p class=\"c-card__text l-stack-xs u-font-body\">\n\t\t\t\t\t\t\t\tLinnea l\u00e4ser tredje \u00e5ret p\u00e5 Designgymnasiet Arkitektur, h\u00e4r ber\u00e4ttar hon mer om skolan. \n\t\t\t\t\t\t\t<\/p>\n\t\t\t\t\t\t\n\t\t\t\t\t\t\t\t\t\t\t\t\t<ul class=\"c-card__tags l-stack-grow u-list-none u-pt-md\" aria-label=\"Kategorier\">\n\t\t\t\t\t\t\t\t\t\t\t\t\t\t\t\t\t<li><span class=\"c-tag\" data-variant=\"outline\">Elevintervjuer<\/span><\/li>\n\t\t\t\t\t\t\t\t\t\t\t\t\t\t\t<\/ul>\n\t\t\t\t\t\t\n\t\t\t\t\t\t<div class=\"c-card__icon\">\n\t\t\t\t\t\t\t\t\t\t\t\t\t\t<svg class=\"ams-icon ams-icon--arrow-right\" width=\"32\" height=\"32\" viewbox=\"0 0 32 32\" fill=\"currentColor\" aria-hidden=\"true\" xmlns=\"http:\/\/www.w3.org\/2000\/svg\">\n\t\t\t\t\t\t\t\t\t\t\t\t\t\t\t\t<path d=\"M15.4617 0.252159L14.9567 0.75931C14.6219 1.09545 14.6219 1.64048 14.9567 1.97669L27.7062 14.7806H0.857144C0.383786 14.7806 0 15.166 0 15.6414V16.3587C0 16.8341 0.383786 17.2195 0.857144 17.2195H27.7062L14.9567 30.0234C14.6219 30.3595 14.6219 30.9045 14.9567 31.2407L15.4617 31.7479C15.7964 32.084 16.3392 32.084 16.6739 31.7479L31.749 16.6087C32.0837 16.2725 32.0837 15.7275 31.749 15.3913L16.6739 0.252159C16.3392 -0.084053 15.7964 -0.084053 15.4617 0.252159Z\"\/>\n\t\t\t\t\t\t\t\n\t\t\t\t\t\t\t<\/svg>\n\t\t\t\t\t\t<\/div>\n\t\t\t\t\t<\/div>\n\n\t\t\t\t\t<div class=\"c-card__media \" style=\" \">\n\t\t\t\t\t\t<img decoding=\"async\" width=\"400\" height=\"267\" src=\"https:\/\/designgymnasiet.se\/wp-content\/uploads\/2023\/10\/designgymnasiet-designday-kungsholmen202304-400x267.jpg\" class=\"attachment-sm size-sm\" alt=\"Personportr\u00e4tt p\u00e5 eleven Linnea.\" sizes=\"(min-width: 64em) 300px, (min-width: 48em) calc(.50 * (100vw - 224px)), calc(100vw - 160px)\" srcset=\"https:\/\/designgymnasiet.se\/wp-content\/uploads\/2023\/10\/designgymnasiet-designday-kungsholmen202304-400x267.jpg 400w, https:\/\/designgymnasiet.se\/wp-content\/uploads\/2023\/10\/designgymnasiet-designday-kungsholmen202304-300x200.jpg 300w, https:\/\/designgymnasiet.se\/wp-content\/uploads\/2023\/10\/designgymnasiet-designday-kungsholmen202304-600x400.jpg 600w, https:\/\/designgymnasiet.se\/wp-content\/uploads\/2023\/10\/designgymnasiet-designday-kungsholmen202304-800x534.jpg 800w, https:\/\/designgymnasiet.se\/wp-content\/uploads\/2023\/10\/designgymnasiet-designday-kungsholmen202304-1024x683.jpg 1024w, https:\/\/designgymnasiet.se\/wp-content\/uploads\/2023\/10\/designgymnasiet-designday-kungsholmen202304-1200x801.jpg 1200w, https:\/\/designgymnasiet.se\/wp-content\/uploads\/2023\/10\/designgymnasiet-designday-kungsholmen202304.jpg 1280w\" \/>\n\t\t\t\t\t<\/div>\n\t\t\t\t<\/article>\n\t\t\t<\/li>\n\t\t\t<\/ul>\n\n\t<div class=\"no-results u-mt-0 u-hide\" data-filter-fallback-id=\"ams-article-list-69f321ab7c959\">\n\t<p>Det finns inga resultat som matchar din filtrering.<\/p>\n<\/div>\n\n\t    <div class=\"ams-article__more u-inline-items js-load-more-btn\">\n        <button href=\"#\"\n                class=\"c-btn\"\n                data-style=\"square\"\n                data-size=\"md\"\n                data-width=\"full-mobile\"\n                data-variant=\"outline\">\n        \tVisa fler resultat\n        <\/button>\n    <\/div>\n\n\n\t\t\n\t\t\t<div class=\"ams-article__action u-inline-items\">\n\t\t\t\t\t\t\t\n\n\n<a href=\"https:\/\/designgymnasiet.se\/kungsholmen\/nyheter\/\"\n\t\n\tclass=\"c-btn \"\n\tdata-style=\"square\"\n\tdata-size=\"md\"\n\tdata-width=\"full-mobile\"\n\tdata-variant=\"default\"\n\ttarget=\"_self\">\n\t\t\t<span class=\"label\"> Se alla nyheter<\/span>\n\t\t\t<\/a>\n\t\t\t<\/div>\n\t<\/div>\n\n\t\t\n\n<\/section>\n","protected":false},"template":"","article_category":[57],"yoast_head":"<!-- This site is optimized with the Yoast SEO plugin v22.0 - https:\/\/yoast.com\/wordpress\/plugins\/seo\/ -->\n<title>Stora m\u00f6jligheter f\u00f6r kreativa elever - Designgymnasiet<\/title>\n<meta name=\"description\" content=\"Iraklis arbetar som l\u00e4rare p\u00e5 Designgymnasiet Kungsholmen. H\u00f6r honom ber\u00e4tta om vad eleverna f\u00e5r g\u00f6ra under sina tre \u00e5r.\" \/>\n<meta name=\"robots\" content=\"index, follow, max-snippet:-1, max-image-preview:large, max-video-preview:-1\" \/>\n<link rel=\"canonical\" href=\"https:\/\/designgymnasiet.se\/kungsholmen\/artikel\/en-liten-skola-med-mojligheter-for-kreativa-elever\/\" \/>\n<meta property=\"og:locale\" content=\"sv_SE\" \/>\n<meta property=\"og:type\" content=\"article\" \/>\n<meta property=\"og:title\" content=\"Stora m\u00f6jligheter f\u00f6r kreativa elever - Designgymnasiet\" \/>\n<meta property=\"og:description\" content=\"Iraklis arbetar som l\u00e4rare p\u00e5 Designgymnasiet Kungsholmen. H\u00f6r honom ber\u00e4tta om vad eleverna f\u00e5r g\u00f6ra under sina tre \u00e5r.\" \/>\n<meta property=\"og:url\" content=\"https:\/\/designgymnasiet.se\/kungsholmen\/artikel\/en-liten-skola-med-mojligheter-for-kreativa-elever\/\" \/>\n<meta property=\"og:site_name\" content=\"Kungsholmen\" \/>\n<meta property=\"article:modified_time\" content=\"2024-02-28T15:03:25+00:00\" \/>\n<meta name=\"twitter:card\" content=\"summary_large_image\" \/>\n<meta name=\"twitter:title\" content=\"Stora m\u00f6jligheter f\u00f6r kreativa elever - Designgymnasiet\" \/>\n<meta name=\"twitter:description\" content=\"Iraklis arbetar som l\u00e4rare p\u00e5 Designgymnasiet Kungsholmen. H\u00f6r honom ber\u00e4tta om vad eleverna f\u00e5r g\u00f6ra under sina tre \u00e5r.\" \/>\n<meta name=\"twitter:label1\" content=\"Ber\u00e4knad l\u00e4stid\" \/>\n\t<meta name=\"twitter:data1\" content=\"2 minuter\" \/>\n<script type=\"application\/ld+json\" class=\"yoast-schema-graph\">{\"@context\":\"https:\/\/schema.org\",\"@graph\":[{\"@type\":\"WebPage\",\"@id\":\"https:\/\/designgymnasiet.se\/kungsholmen\/artikel\/en-liten-skola-med-mojligheter-for-kreativa-elever\/\",\"url\":\"https:\/\/designgymnasiet.se\/kungsholmen\/artikel\/en-liten-skola-med-mojligheter-for-kreativa-elever\/\",\"name\":\"Stora m\u00f6jligheter f\u00f6r kreativa elever - Designgymnasiet\",\"isPartOf\":{\"@id\":\"https:\/\/designgymnasiet.se\/kungsholmen\/#website\"},\"datePublished\":\"2023-10-11T07:15:54+00:00\",\"dateModified\":\"2024-02-28T15:03:25+00:00\",\"description\":\"Iraklis arbetar som l\u00e4rare p\u00e5 Designgymnasiet Kungsholmen. H\u00f6r honom ber\u00e4tta om vad eleverna f\u00e5r g\u00f6ra under sina tre \u00e5r.\",\"breadcrumb\":{\"@id\":\"https:\/\/designgymnasiet.se\/kungsholmen\/artikel\/en-liten-skola-med-mojligheter-for-kreativa-elever\/#breadcrumb\"},\"inLanguage\":\"sv-SE\",\"potentialAction\":[{\"@type\":\"ReadAction\",\"target\":[\"https:\/\/designgymnasiet.se\/kungsholmen\/artikel\/en-liten-skola-med-mojligheter-for-kreativa-elever\/\"]}]},{\"@type\":\"BreadcrumbList\",\"@id\":\"https:\/\/designgymnasiet.se\/kungsholmen\/artikel\/en-liten-skola-med-mojligheter-for-kreativa-elever\/#breadcrumb\",\"itemListElement\":[{\"@type\":\"ListItem\",\"position\":1,\"name\":\"Start\",\"item\":\"https:\/\/designgymnasiet.se\/kungsholmen\"},{\"@type\":\"ListItem\",\"position\":2,\"name\":\"Nyheter\"}]},{\"@type\":\"WebSite\",\"@id\":\"https:\/\/designgymnasiet.se\/kungsholmen\/#website\",\"url\":\"https:\/\/designgymnasiet.se\/kungsholmen\/\",\"name\":\"Kungsholmen\",\"description\":\"Har du designdr\u00f6mmar?\",\"potentialAction\":[{\"@type\":\"SearchAction\",\"target\":{\"@type\":\"EntryPoint\",\"urlTemplate\":\"https:\/\/designgymnasiet.se\/kungsholmen\/?s={search_term_string}\"},\"query-input\":\"required name=search_term_string\"}],\"inLanguage\":\"sv-SE\"}]}<\/script>\n<!-- \/ Yoast SEO plugin. -->","yoast_head_json":{"title":"Stora m\u00f6jligheter f\u00f6r kreativa elever - Designgymnasiet","description":"Iraklis arbetar som l\u00e4rare p\u00e5 Designgymnasiet Kungsholmen. H\u00f6r honom ber\u00e4tta om vad eleverna f\u00e5r g\u00f6ra under sina tre \u00e5r.","robots":{"index":"index","follow":"follow","max-snippet":"max-snippet:-1","max-image-preview":"max-image-preview:large","max-video-preview":"max-video-preview:-1"},"canonical":"https:\/\/designgymnasiet.se\/kungsholmen\/artikel\/en-liten-skola-med-mojligheter-for-kreativa-elever\/","og_locale":"sv_SE","og_type":"article","og_title":"Stora m\u00f6jligheter f\u00f6r kreativa elever - Designgymnasiet","og_description":"Iraklis arbetar som l\u00e4rare p\u00e5 Designgymnasiet Kungsholmen. H\u00f6r honom ber\u00e4tta om vad eleverna f\u00e5r g\u00f6ra under sina tre \u00e5r.","og_url":"https:\/\/designgymnasiet.se\/kungsholmen\/artikel\/en-liten-skola-med-mojligheter-for-kreativa-elever\/","og_site_name":"Kungsholmen","article_modified_time":"2024-02-28T15:03:25+00:00","twitter_card":"summary_large_image","twitter_title":"Stora m\u00f6jligheter f\u00f6r kreativa elever - Designgymnasiet","twitter_description":"Iraklis arbetar som l\u00e4rare p\u00e5 Designgymnasiet Kungsholmen. H\u00f6r honom ber\u00e4tta om vad eleverna f\u00e5r g\u00f6ra under sina tre \u00e5r.","twitter_misc":{"Ber\u00e4knad l\u00e4stid":"2 minuter"},"schema":{"@context":"https:\/\/schema.org","@graph":[{"@type":"WebPage","@id":"https:\/\/designgymnasiet.se\/kungsholmen\/artikel\/en-liten-skola-med-mojligheter-for-kreativa-elever\/","url":"https:\/\/designgymnasiet.se\/kungsholmen\/artikel\/en-liten-skola-med-mojligheter-for-kreativa-elever\/","name":"Stora m\u00f6jligheter f\u00f6r kreativa elever - Designgymnasiet","isPartOf":{"@id":"https:\/\/designgymnasiet.se\/kungsholmen\/#website"},"datePublished":"2023-10-11T07:15:54+00:00","dateModified":"2024-02-28T15:03:25+00:00","description":"Iraklis arbetar som l\u00e4rare p\u00e5 Designgymnasiet Kungsholmen. H\u00f6r honom ber\u00e4tta om vad eleverna f\u00e5r g\u00f6ra under sina tre \u00e5r.","breadcrumb":{"@id":"https:\/\/designgymnasiet.se\/kungsholmen\/artikel\/en-liten-skola-med-mojligheter-for-kreativa-elever\/#breadcrumb"},"inLanguage":"sv-SE","potentialAction":[{"@type":"ReadAction","target":["https:\/\/designgymnasiet.se\/kungsholmen\/artikel\/en-liten-skola-med-mojligheter-for-kreativa-elever\/"]}]},{"@type":"BreadcrumbList","@id":"https:\/\/designgymnasiet.se\/kungsholmen\/artikel\/en-liten-skola-med-mojligheter-for-kreativa-elever\/#breadcrumb","itemListElement":[{"@type":"ListItem","position":1,"name":"Start","item":"https:\/\/designgymnasiet.se\/kungsholmen"},{"@type":"ListItem","position":2,"name":"Nyheter"}]},{"@type":"WebSite","@id":"https:\/\/designgymnasiet.se\/kungsholmen\/#website","url":"https:\/\/designgymnasiet.se\/kungsholmen\/","name":"Kungsholmen","description":"Har du designdr\u00f6mmar?","potentialAction":[{"@type":"SearchAction","target":{"@type":"EntryPoint","urlTemplate":"https:\/\/designgymnasiet.se\/kungsholmen\/?s={search_term_string}"},"query-input":"required name=search_term_string"}],"inLanguage":"sv-SE"}]}},"_links":{"self":[{"href":"https:\/\/designgymnasiet.se\/kungsholmen\/wp-json\/wp\/v2\/article\/1660"}],"collection":[{"href":"https:\/\/designgymnasiet.se\/kungsholmen\/wp-json\/wp\/v2\/article"}],"about":[{"href":"https:\/\/designgymnasiet.se\/kungsholmen\/wp-json\/wp\/v2\/types\/article"}],"wp:attachment":[{"href":"https:\/\/designgymnasiet.se\/kungsholmen\/wp-json\/wp\/v2\/media?parent=1660"}],"wp:term":[{"taxonomy":"article_category","embeddable":true,"href":"https:\/\/designgymnasiet.se\/kungsholmen\/wp-json\/wp\/v2\/article_category?post=1660"}],"curies":[{"name":"wp","href":"https:\/\/api.w.org\/{rel}","templated":true}]}}