{"id":2365,"date":"2026-04-10T09:20:54","date_gmt":"2026-04-10T07:20:54","guid":{"rendered":"https:\/\/designgymnasiet.se\/goteborg\/?post_type=article&#038;p=2365"},"modified":"2026-04-10T09:46:57","modified_gmt":"2026-04-10T07:46:57","slug":"workshop-2","status":"publish","type":"article","link":"https:\/\/designgymnasiet.se\/goteborg\/artikel\/workshop-2\/","title":{"rendered":"Workshop!"},"content":{"rendered":"\n<div class=\"wp-block-group is-layout-constrained wp-block-group-is-layout-constrained\">\t<div\n\t\t class=\"container images-module\" >\n\t\t<div class=\"row\">\n\t\t\t<div\n\t\t\t\t\tclass=\"col-12 p-0 position-relative images_module__slideshow images_module__slideshow-container \">\n\t\t\t\t<div class=\"images_module__slide\" data-slide=\"\"\n\t\t\t\t\t data-duration=\"\"><\/div>\n\t\t\t\t\t\t\t\t\t<div\n\t\t\t\t\t\t class=\"images_module__slides \">\n\n\n\t\t\t\t\t\t<div class=\"images__wrapper\" style=\"aspect-ratio: 1200 \/ 531;\">\n\t\t\t\t\t\t\t<img decoding=\"async\" width=\"2048\" height=\"1365\" src=\"https:\/\/designgymnasiet.se\/wp-content\/uploads\/sites\/8\/2024\/10\/textildesign-designgymnasiet-202304.jpg\" class=\"images__image_ratio  \" alt=\"Tv\u00e5 elever arbetar med symaskin.\" style=\"aspect-ratio: 1200 \/ 531;object-position: center center;\" srcset=\"https:\/\/designgymnasiet.se\/wp-content\/uploads\/sites\/8\/2024\/10\/textildesign-designgymnasiet-202304.jpg 2048w, https:\/\/designgymnasiet.se\/wp-content\/uploads\/sites\/8\/2024\/10\/textildesign-designgymnasiet-202304-300x200.jpg 300w, https:\/\/designgymnasiet.se\/wp-content\/uploads\/sites\/8\/2024\/10\/textildesign-designgymnasiet-202304-400x267.jpg 400w, https:\/\/designgymnasiet.se\/wp-content\/uploads\/sites\/8\/2024\/10\/textildesign-designgymnasiet-202304-600x400.jpg 600w, https:\/\/designgymnasiet.se\/wp-content\/uploads\/sites\/8\/2024\/10\/textildesign-designgymnasiet-202304-800x533.jpg 800w, https:\/\/designgymnasiet.se\/wp-content\/uploads\/sites\/8\/2024\/10\/textildesign-designgymnasiet-202304-1024x683.jpg 1024w, https:\/\/designgymnasiet.se\/wp-content\/uploads\/sites\/8\/2024\/10\/textildesign-designgymnasiet-202304-1200x800.jpg 1200w\" sizes=\"(max-width: 2048px) 100vw, 2048px\" \/>\t\t\t\t\t\t<\/div>\n\n\t\t\t\t\t\t\n\n\t\t\t\t\t\t\t\t\t\t\t<\/div>\n\t\t\t\t\n\t\t\t\t<div class=\"images_module__container_dot\">\n\t\t\t\t\t<div style=\"text-align:center\">\n\t\t\t\t\t\t\t\t\t\t\t\t\t<span   data-i=\"0\"\n\t\t\t\t\t\t\t\t  class=\"\n\t\t\t\t\t\t\timages_module__dot\n\t\t\t\t\t\t\t\t\t\t\t\t\t\t\"\n\t\t\t\t\t\t\t><\/span>\n\t\t\t\t\t\t\t\t\t\t\t<\/div>\n\t\t\t\t<\/div>\n\n\t\t\t<\/div>\n\t\t<\/div>\n\t<\/div>\n\t\n\n\n<script>\n\tvar images_display_descriptive_text = \"\";\n<\/script>\n\n\n\n<h1 class=\"wp-block-heading\">Workshop p\u00e5 Designgymnasiet<\/h1>\n\n\n\n<p>V\u00e4lkommen p\u00e5 Workshop p\u00e5 Designgymnasiet!&nbsp;Prova p\u00e5 att g\u00e5 fr\u00e5n id\u00e9 till f\u00e4rdig produkt under n\u00e5gra timmar. Du f\u00e5r m\u00f6jlighet att tr\u00e4ffa elever och prata med v\u00e5ra l\u00e4rare. Under kv\u00e4llen kan du \u00e4ven ta del av utst\u00e4llningen som v\u00e5ra elever p\u00e5 \u00e5rskurs 2 har f\u00f6r n\u00e4rvarande. <\/p>\n\n\n\n<p><em><strong>Vi bjuder p\u00e5 enklare fika!<\/strong><\/em><\/p>\n\n\n\n<p>Vi ses den 6 maj kl 17:00-18:30 p\u00e5 Masthuggstorget 3. <\/p>\n\n\n\n<h2 class=\"wp-block-heading\">Anm\u00e4lan<\/h2>\n\n\n\n<p>F\u00f6r att anm\u00e4la dig, kontakta <strong>lena.hermansson@designgymnasiet.se<\/strong> och ber\u00e4tta g\u00e4rna vilket program&nbsp;du \u00e4r intresserad av! Senaste dagen att anm\u00e4la sig \u00e4r 3 maj. <\/p>\n<\/div>\n\n\n\n\n<section  class=\"ams-cta ams-cta--stacked c-block l-stacked\" data-color-scheme=\"gray\">\n\t<div class=\"l-container-full l-stack l-stack-fluid-2xl u-pt-fluid-3xl-6xl u-pb-fluid-3xl-6xl is-center is-center@md\">\n\t\t\t\t\t<div class=\"ams-cta__intro l-stack l-stack-lg\">\n\t\t\t\t\t\n\t<h2\n\tclass=\"c-heading u-font-title-1 \"\n\tstyle=\"\">\n\t\t\n\t\t\t\t\tV\u00e4lkommen p\u00e5 \u00d6ppet hus\n\t\t\t\t\n\t<\/h2>\n\n\t\t\t\t\t\t\t\t\t<div class=\"c-text l-stack u-cs-xl u-font-body\">\n\t\t\t\t\t\t<p><span data-sheets-value=\"{&quot;1&quot;:2,&quot;2&quot;:&quot;Vi har ocks\u00e5 \u00f6ppna hus under b\u00e5de h\u00f6st- och v\u00e5rterminen f\u00f6r dig som bara vill strosa runt p\u00e5 dina villkor och kanske ta med en v\u00e5rdnadshavare eller kompis.&quot;}\" data-sheets-userformat=\"{&quot;2&quot;:5025,&quot;3&quot;:{&quot;1&quot;:0},&quot;8&quot;:{&quot;1&quot;:[{&quot;1&quot;:2,&quot;2&quot;:0,&quot;5&quot;:{&quot;1&quot;:2,&quot;2&quot;:0}},{&quot;1&quot;:0,&quot;2&quot;:0,&quot;3&quot;:3},{&quot;1&quot;:1,&quot;2&quot;:0,&quot;4&quot;:1}]},&quot;10&quot;:0,&quot;11&quot;:4,&quot;12&quot;:0,&quot;15&quot;:&quot;Helvetica Neue&quot;}\">Vi har ocks\u00e5 \u00f6ppna hus under b\u00e5de h\u00f6st- och v\u00e5rterminen f\u00f6r dig som bara vill strosa runt p\u00e5 dina villkor och kanske ta med en v\u00e5rdnadshavare eller kompis.<\/span><\/p>\n\n\t\t\t\t\t<\/div>\n\t\t\t\t\t\t\t<\/div>\n\t\t\n\t\t\n\t\t\t<div class=\"ams-cta__action u-inline-items\">\n\t\t\t\t\t\t\t\n\n\n<a href=\"https:\/\/designgymnasiet.se\/goteborg\/oppet-hus\/\"\n\t\n\tclass=\"c-btn \"\n\tdata-style=\"square\"\n\tdata-size=\"md\"\n\tdata-width=\"full-mobile\"\n\tdata-variant=\"default\"\n\ttarget=\"_self\">\n\t\t\t<span class=\"label\"> Se datum<\/span>\n\t\t\t<\/a>\n\t\t\t<\/div>\n\t<\/div>\n\n\t\t\n\t\t\t\n\t\t\t\t\t\t\t\n\t\t\t\t<div class=\"c-bg c-bg--img\" data-settings=\"{&quot;desktop_settings&quot;:{&quot;size&quot;:&quot;contain&quot;,&quot;position&quot;:&quot;top-left&quot;},&quot;mobile_settings&quot;:{&quot;size&quot;:&quot;contain&quot;,&quot;position&quot;:&quot;top-left&quot;}}\" data-position=\"middle-center\" data-size=\"cover\">\n\t\t\t<picture><source media=\"(min-width: 48em)\" srcset=\"https:\/\/designgymnasiet.se\/wp-content\/uploads\/sites\/8\/2023\/10\/dgwebbscribblestjarnortreplaceringvanstra-ovre-hornetdesktop.svg\" sizes=\"\" \/><source srcset=\"https:\/\/designgymnasiet.se\/wp-content\/uploads\/sites\/8\/2023\/10\/dgwebbscribblestjarnortreplaceringvanstra-ovre-hornetmobil.svg\" sizes=\"\" \/><img decoding=\"async\" src=\"https:\/\/designgymnasiet.se\/wp-content\/uploads\/sites\/8\/2023\/10\/dgwebbscribblestjarnortreplaceringvanstra-ovre-hornetdesktop.svg\" class=\"attachment-hero-lg size-hero-lg\" alt=\"\" sizes=\"\" height=\"237\" width=\"1920\" \/><\/picture>\n\t\t<\/div>\n\t\n<\/section>\n","protected":false},"template":"","article_category":[6],"yoast_head":"<!-- This site is optimized with the Yoast SEO plugin v22.0 - https:\/\/yoast.com\/wordpress\/plugins\/seo\/ -->\n<title>G\u00f6teborg<\/title>\n<meta name=\"description\" content=\"V\u00e4lkommen p\u00e5 Workshop p\u00e5 Designgymnasiet! Tr\u00e4ffa elever och l\u00e4rare samt testa p\u00e5 att g\u00e5 fr\u00e5n id\u00e9 till f\u00e4rdig produkt under n\u00e5gra timmar.\" \/>\n<meta name=\"robots\" content=\"index, follow, max-snippet:-1, max-image-preview:large, max-video-preview:-1\" \/>\n<link rel=\"canonical\" href=\"https:\/\/designgymnasiet.se\/goteborg\/artikel\/workshop-2\/\" \/>\n<meta property=\"og:locale\" content=\"sv_SE\" \/>\n<meta property=\"og:type\" content=\"article\" \/>\n<meta property=\"og:description\" content=\"V\u00e4lkommen p\u00e5 Workshop p\u00e5 Designgymnasiet! Tr\u00e4ffa elever och l\u00e4rare samt testa p\u00e5 att g\u00e5 fr\u00e5n id\u00e9 till f\u00e4rdig produkt under n\u00e5gra timmar.\" \/>\n<meta property=\"og:url\" content=\"https:\/\/designgymnasiet.se\/goteborg\/artikel\/workshop-2\/\" \/>\n<meta property=\"og:site_name\" content=\"G\u00f6teborg\" \/>\n<meta property=\"article:modified_time\" content=\"2026-04-10T07:46:57+00:00\" \/>\n<meta name=\"twitter:card\" content=\"summary_large_image\" \/>\n<meta name=\"twitter:description\" content=\"V\u00e4lkommen p\u00e5 Workshop p\u00e5 Designgymnasiet! Tr\u00e4ffa elever och l\u00e4rare samt testa p\u00e5 att g\u00e5 fr\u00e5n id\u00e9 till f\u00e4rdig produkt under n\u00e5gra timmar.\" \/>\n<meta name=\"twitter:image\" content=\"https:\/\/designgymnasiet.se\/wp-content\/uploads\/sites\/8\/2024\/10\/textildesign-designgymnasiet-202304-1200x630.jpg\" \/>\n<meta name=\"twitter:label1\" content=\"Ber\u00e4knad l\u00e4stid\" \/>\n\t<meta name=\"twitter:data1\" content=\"2 minuter\" \/>\n<script type=\"application\/ld+json\" class=\"yoast-schema-graph\">{\"@context\":\"https:\/\/schema.org\",\"@graph\":[{\"@type\":\"WebPage\",\"@id\":\"https:\/\/designgymnasiet.se\/goteborg\/artikel\/workshop-2\/\",\"url\":\"https:\/\/designgymnasiet.se\/goteborg\/artikel\/workshop-2\/\",\"name\":\"Workshop! - G\u00f6teborg\",\"isPartOf\":{\"@id\":\"https:\/\/designgymnasiet.se\/goteborg\/#website\"},\"datePublished\":\"2026-04-10T07:20:54+00:00\",\"dateModified\":\"2026-04-10T07:46:57+00:00\",\"description\":\"V\u00e4lkommen p\u00e5 Workshop p\u00e5 Designgymnasiet! Tr\u00e4ffa elever och l\u00e4rare samt testa p\u00e5 att g\u00e5 fr\u00e5n id\u00e9 till f\u00e4rdig produkt under n\u00e5gra timmar.\",\"breadcrumb\":{\"@id\":\"https:\/\/designgymnasiet.se\/goteborg\/artikel\/workshop-2\/#breadcrumb\"},\"inLanguage\":\"sv-SE\",\"potentialAction\":[{\"@type\":\"ReadAction\",\"target\":[\"https:\/\/designgymnasiet.se\/goteborg\/artikel\/workshop-2\/\"]}]},{\"@type\":\"BreadcrumbList\",\"@id\":\"https:\/\/designgymnasiet.se\/goteborg\/artikel\/workshop-2\/#breadcrumb\",\"itemListElement\":[{\"@type\":\"ListItem\",\"position\":1,\"name\":\"Start\",\"item\":\"https:\/\/designgymnasiet.se\/goteborg\"},{\"@type\":\"ListItem\",\"position\":2,\"name\":\"Nyheter\"}]},{\"@type\":\"WebSite\",\"@id\":\"https:\/\/designgymnasiet.se\/goteborg\/#website\",\"url\":\"https:\/\/designgymnasiet.se\/goteborg\/\",\"name\":\"G\u00f6teborg\",\"description\":\"Har du designdr\u00f6mmar?\",\"potentialAction\":[{\"@type\":\"SearchAction\",\"target\":{\"@type\":\"EntryPoint\",\"urlTemplate\":\"https:\/\/designgymnasiet.se\/goteborg\/?s={search_term_string}\"},\"query-input\":\"required name=search_term_string\"}],\"inLanguage\":\"sv-SE\"}]}<\/script>\n<!-- \/ Yoast SEO plugin. -->","yoast_head_json":{"title":"G\u00f6teborg","description":"V\u00e4lkommen p\u00e5 Workshop p\u00e5 Designgymnasiet! Tr\u00e4ffa elever och l\u00e4rare samt testa p\u00e5 att g\u00e5 fr\u00e5n id\u00e9 till f\u00e4rdig produkt under n\u00e5gra timmar.","robots":{"index":"index","follow":"follow","max-snippet":"max-snippet:-1","max-image-preview":"max-image-preview:large","max-video-preview":"max-video-preview:-1"},"canonical":"https:\/\/designgymnasiet.se\/goteborg\/artikel\/workshop-2\/","og_locale":"sv_SE","og_type":"article","og_description":"V\u00e4lkommen p\u00e5 Workshop p\u00e5 Designgymnasiet! Tr\u00e4ffa elever och l\u00e4rare samt testa p\u00e5 att g\u00e5 fr\u00e5n id\u00e9 till f\u00e4rdig produkt under n\u00e5gra timmar.","og_url":"https:\/\/designgymnasiet.se\/goteborg\/artikel\/workshop-2\/","og_site_name":"G\u00f6teborg","article_modified_time":"2026-04-10T07:46:57+00:00","twitter_card":"summary_large_image","twitter_description":"V\u00e4lkommen p\u00e5 Workshop p\u00e5 Designgymnasiet! Tr\u00e4ffa elever och l\u00e4rare samt testa p\u00e5 att g\u00e5 fr\u00e5n id\u00e9 till f\u00e4rdig produkt under n\u00e5gra timmar.","twitter_image":"https:\/\/designgymnasiet.se\/wp-content\/uploads\/sites\/8\/2024\/10\/textildesign-designgymnasiet-202304-1200x630.jpg","twitter_misc":{"Ber\u00e4knad l\u00e4stid":"2 minuter"},"schema":{"@context":"https:\/\/schema.org","@graph":[{"@type":"WebPage","@id":"https:\/\/designgymnasiet.se\/goteborg\/artikel\/workshop-2\/","url":"https:\/\/designgymnasiet.se\/goteborg\/artikel\/workshop-2\/","name":"Workshop! - G\u00f6teborg","isPartOf":{"@id":"https:\/\/designgymnasiet.se\/goteborg\/#website"},"datePublished":"2026-04-10T07:20:54+00:00","dateModified":"2026-04-10T07:46:57+00:00","description":"V\u00e4lkommen p\u00e5 Workshop p\u00e5 Designgymnasiet! Tr\u00e4ffa elever och l\u00e4rare samt testa p\u00e5 att g\u00e5 fr\u00e5n id\u00e9 till f\u00e4rdig produkt under n\u00e5gra timmar.","breadcrumb":{"@id":"https:\/\/designgymnasiet.se\/goteborg\/artikel\/workshop-2\/#breadcrumb"},"inLanguage":"sv-SE","potentialAction":[{"@type":"ReadAction","target":["https:\/\/designgymnasiet.se\/goteborg\/artikel\/workshop-2\/"]}]},{"@type":"BreadcrumbList","@id":"https:\/\/designgymnasiet.se\/goteborg\/artikel\/workshop-2\/#breadcrumb","itemListElement":[{"@type":"ListItem","position":1,"name":"Start","item":"https:\/\/designgymnasiet.se\/goteborg"},{"@type":"ListItem","position":2,"name":"Nyheter"}]},{"@type":"WebSite","@id":"https:\/\/designgymnasiet.se\/goteborg\/#website","url":"https:\/\/designgymnasiet.se\/goteborg\/","name":"G\u00f6teborg","description":"Har du designdr\u00f6mmar?","potentialAction":[{"@type":"SearchAction","target":{"@type":"EntryPoint","urlTemplate":"https:\/\/designgymnasiet.se\/goteborg\/?s={search_term_string}"},"query-input":"required name=search_term_string"}],"inLanguage":"sv-SE"}]}},"_links":{"self":[{"href":"https:\/\/designgymnasiet.se\/goteborg\/wp-json\/wp\/v2\/article\/2365"}],"collection":[{"href":"https:\/\/designgymnasiet.se\/goteborg\/wp-json\/wp\/v2\/article"}],"about":[{"href":"https:\/\/designgymnasiet.se\/goteborg\/wp-json\/wp\/v2\/types\/article"}],"wp:attachment":[{"href":"https:\/\/designgymnasiet.se\/goteborg\/wp-json\/wp\/v2\/media?parent=2365"}],"wp:term":[{"taxonomy":"article_category","embeddable":true,"href":"https:\/\/designgymnasiet.se\/goteborg\/wp-json\/wp\/v2\/article_category?post=2365"}],"curies":[{"name":"wp","href":"https:\/\/api.w.org\/{rel}","templated":true}]}}